{"id":5106,"date":"2018-12-10T07:52:19","date_gmt":"2018-12-10T11:52:19","guid":{"rendered":"http:\/\/hospitaldechillan.cl\/web\/?p=5106"},"modified":"2019-03-05T14:31:18","modified_gmt":"2019-03-05T18:31:18","slug":"unidad-de-procuracion-y-donacion-de-organos-realizo-interesante-jornada-sobre-ampliacion-del-ambito-a-tejidos","status":"publish","type":"post","link":"https:\/\/hospitaldechillan.cl\/web\/unidad-de-procuracion-y-donacion-de-organos-realizo-interesante-jornada-sobre-ampliacion-del-ambito-a-tejidos\/","title":{"rendered":"Unidad de Procuraci\u00f3n y Donaci\u00f3n de \u00f3rganos realiz\u00f3 interesante jornada sobre ampliaci\u00f3n del \u00e1mbito a tejidos"},"content":{"rendered":"<p>A menos de dos meses desde el primer procuramiento de membrana amni\u00f3tica realizado en el Hospital, la Unidad de Donaci\u00f3n y Procuraci\u00f3n de \u00f3rganos, ya ha realizado otros dos procedimientos, instalando esta nueva l\u00ednea en la Regi\u00f3n de \u00d1uble.<\/p>\n<p>En este mismo marco, los integrantes de la unidad hospitalaria organizaron una actividad de difusi\u00f3n dirigida al estamento m\u00e9dico, denominada \u201cAmpliando el \u00e1mbito de la donaci\u00f3n de \u00f3rganos y tejidos\u201d, oportunidad en que se masificaron las novedades ministeriales en el tema y tambi\u00e9n se profundiz\u00f3 sobre la evidencia cient\u00edfica existente acerca del uso de la membrana amni\u00f3tica y sus c\u00e9lulas madre en la regeneraci\u00f3n de tejidos, temas que desarrollaron el Dr. Jos\u00e9 Luis Rojas, Coordinador de Trasplante y Procuramiento de \u00d3rganos y Tejidos del Ministerio de Salud y el Dr. Claudio Aguayo, docente del Departamento de Bioqu\u00edmica Cl\u00ednica de la Universidad de Concepci\u00f3n, respectivamente.<\/p>\n<p>\u201cEn esta ocasi\u00f3n la idea fue motivar y comprometer a los m\u00e9dicos del Establecimiento con el proceso de procuraci\u00f3n, incentiv\u00e1ndolos a&nbsp; ofrecer un buen trato a los familiares en duelo y tambi\u00e9n a verificar la correcta mantenci\u00f3n de los \u00f3rganos del donante\u201d, relat\u00f3 la una de las enfermeras coordinadoras de la Unidad, Beatriz San Mart\u00edn.<\/p>\n<p>Aunque 2018 inici\u00f3 con reducci\u00f3n de donaci\u00f3n de \u00f3rganos y trasplantes, luego de que a fines de junio se revirtiera el dictamen de contralor\u00eda que imped\u00eda que a los familiares de fallecidos que integraban el registro de no donantes fueran consultados por la decisi\u00f3n&nbsp; de su familiar sobre el tema, la realidad comenz\u00f3 a mejorar y se incrementaron los n\u00fameros. De acuerdo con el Dr. Rojas, se estima que el a\u00f1o finalice con cerca de 140 donantes y con la realizaci\u00f3n de alrededor de 340 trasplantes.<\/p>\n<p>\u201cLo que est\u00e1 haciendo el Hospital de Chill\u00e1n en torno a la donaci\u00f3n es maravilloso, pues es uno de los hospitales de la zona sur que marca tendencia a nivel nacional. En 2017, tuvieron una&nbsp; tasa de donaci\u00f3n que se asemeja a la que exhiben los pa\u00edses desarrollados, y aunque \u00e9ste no ha sido un buen a\u00f1o,&nbsp; nos deja felices porque iniciaron el desarrollo de otra l\u00ednea, lo que nos parece muy relevante para la poblaci\u00f3n por todos los beneficios que ello reporta\u201d, aclar\u00f3 el Dr. Rojas.<\/p>\n<h2><strong>USO DE MEMBRANAS AMNI\u00d3TICAS Y SU EVIDENCIA CIENT\u00cdFICA<\/strong><\/h2>\n<p>En tanto, el docente de la Universidad de Concepci\u00f3n aclar\u00f3 que el uso de esta membrana registra evidencia cient\u00edfica publicada a nivel internacional hace m\u00e1s de un centenar de a\u00f1os, por lo tanto su uso ya est\u00e1 comprobado y dej\u00f3 de ser experimental.<\/p>\n<p>\u201cEs importante concretar estas iniciativas de reuni\u00f3n con m\u00e9dicos, para informales que este procedimiento est\u00e1 comprobado en humanos y que ellos son actores importantes de que se realice con m\u00e1s frecuencia pues son quienes deben solicitarlos y de esta manera beneficiar a quienes requieren curaci\u00f3n de heridas por quemaduras, o bien, de los \u00e1mbitos oftalmol\u00f3gicos, articulares y \u00f3seos\u201d, puntualiz\u00f3 el Dr. Aguayo.<\/p>\n","protected":false},"excerpt":{"rendered":"<p>En la actividad particip\u00f3 el Coordinador Nacional de Trasplante y Procuramiento del Ministerio de Salud, Juan Luis Rojas  y el docente del Departamento de Bioqu\u00edmica Cl\u00ednica de la Universidad de Concepci\u00f3n, Dr. Claudio Aguayo. <\/p>\n","protected":false},"author":3,"featured_media":5107,"comment_status":"open","ping_status":"closed","sticky":false,"template":"","format":"standard","meta":{"_acf_changed":false,"_monsterinsights_skip_tracking":false,"_monsterinsights_sitenote_active":false,"_monsterinsights_sitenote_note":"","_monsterinsights_sitenote_category":0,"footnotes":""},"categories":[4],"tags":[],"class_list":["post-5106","post","type-post","status-publish","format-standard","has-post-thumbnail","hentry","category-noticias"],"acf":[],"publishpress_future_action":{"enabled":false,"date":"2026-05-03 05:54:40","action":"change-status","newStatus":"draft","terms":[],"taxonomy":"category","extraData":[]},"publishpress_future_workflow_manual_trigger":{"enabledWorkflows":[]},"_links":{"self":[{"href":"https:\/\/hospitaldechillan.cl\/web\/wp-json\/wp\/v2\/posts\/5106","targetHints":{"allow":["GET"]}}],"collection":[{"href":"https:\/\/hospitaldechillan.cl\/web\/wp-json\/wp\/v2\/posts"}],"about":[{"href":"https:\/\/hospitaldechillan.cl\/web\/wp-json\/wp\/v2\/types\/post"}],"author":[{"embeddable":true,"href":"https:\/\/hospitaldechillan.cl\/web\/wp-json\/wp\/v2\/users\/3"}],"replies":[{"embeddable":true,"href":"https:\/\/hospitaldechillan.cl\/web\/wp-json\/wp\/v2\/comments?post=5106"}],"version-history":[{"count":0,"href":"https:\/\/hospitaldechillan.cl\/web\/wp-json\/wp\/v2\/posts\/5106\/revisions"}],"wp:featuredmedia":[{"embeddable":true,"href":"https:\/\/hospitaldechillan.cl\/web\/wp-json\/wp\/v2\/media\/5107"}],"wp:attachment":[{"href":"https:\/\/hospitaldechillan.cl\/web\/wp-json\/wp\/v2\/media?parent=5106"}],"wp:term":[{"taxonomy":"category","embeddable":true,"href":"https:\/\/hospitaldechillan.cl\/web\/wp-json\/wp\/v2\/categories?post=5106"},{"taxonomy":"post_tag","embeddable":true,"href":"https:\/\/hospitaldechillan.cl\/web\/wp-json\/wp\/v2\/tags?post=5106"}],"curies":[{"name":"wp","href":"https:\/\/api.w.org\/{rel}","templated":true}]}}