{"id":5035,"date":"2018-11-09T14:56:11","date_gmt":"2018-11-09T18:56:11","guid":{"rendered":"http:\/\/hospitaldechillan.cl\/web\/?p=5035"},"modified":"2018-11-09T14:56:11","modified_gmt":"2018-11-09T18:56:11","slug":"mediante-multiples-actividades-sensibilizaron-a-la-comunidad-sobre-el-cancer","status":"publish","type":"post","link":"https:\/\/hospitaldechillan.cl\/web\/mediante-multiples-actividades-sensibilizaron-a-la-comunidad-sobre-el-cancer\/","title":{"rendered":"Mediante m\u00faltiples actividades sensibilizaron a la comunidad sobre el c\u00e1ncer"},"content":{"rendered":"<p>Diferentes actividades realizaron durante la primera semana de noviembre la <strong>Unidad de Oncolog\u00eda<\/strong> en conjunto con el <strong>Policl\u00ednico de Alivio del Dolor y Cuidados Paliativos<\/strong> del Hospital, cuyo prop\u00f3sito fue educar a la comunidad en general sobre el c\u00e1ncer \u00a0y sus aspectos biopsicosociales.<\/p>\n<p>La semana inici\u00f3 con un l\u00fadico taller de maquillaje oncol\u00f3gico y turbantes, que cont\u00f3 con el apoyo de las alumnas de la carrera Belleza Integral del Centro de Estudios Andr\u00e9s Bello, el martes por la tarde, se realiz\u00f3 una exhibici\u00f3n cinematogr\u00e1fica de la pel\u00edcula \u201c50-50\u201d en el <strong>Cine de The Oz<\/strong>. Durante el mi\u00e9rcoles, se efectu\u00f3 un debate en torno a otra pel\u00edcula \u201cThe Doctor\u201d, en el Establecimiento y finalmente la semana termin\u00f3 con el lanzamiento del Libro \u201cTrascender a trav\u00e9s de las palabras\u201d, que se llev\u00f3 a cabo en el Centro de Extensi\u00f3n de la <strong>Universidad del B\u00edo B\u00edo<\/strong> y el taller sobre sexualidad y afectividad para pacientes con c\u00e1ncer.<\/p>\n<p><img loading=\"lazy\" decoding=\"async\" class=\"alignnone size-medium wp-image-5039\" src=\"https:\/\/hospitaldechillan.cl\/web\/wp-content_Hos\/uploads\/2018\/11\/lanzamiento-libro-semana-sensibilizacion-sobre-el-cancer-640x360.jpg\" alt=\"imagen dl lanzamiento del libro Semana de sensibilizaci\u00f3n sobre el c\u00e1ncer\" width=\"640\" height=\"360\" srcset=\"https:\/\/hospitaldechillan.cl\/web\/wp-content\/uploads\/2018\/11\/lanzamiento-libro-semana-sensibilizacion-sobre-el-cancer-640x360.jpg 640w, https:\/\/hospitaldechillan.cl\/web\/wp-content\/uploads\/2018\/11\/lanzamiento-libro-semana-sensibilizacion-sobre-el-cancer-768x432.jpg 768w, https:\/\/hospitaldechillan.cl\/web\/wp-content\/uploads\/2018\/11\/lanzamiento-libro-semana-sensibilizacion-sobre-el-cancer-1200x675.jpg 1200w, https:\/\/hospitaldechillan.cl\/web\/wp-content\/uploads\/2018\/11\/lanzamiento-libro-semana-sensibilizacion-sobre-el-cancer.jpg 1600w\" sizes=\"auto, (max-width: 640px) 100vw, 640px\" \/><\/p>\n<p>Tal como expres\u00f3 Consuelo Villase\u00f1or, psic\u00f3loga del Policl\u00ednico de Alivio del Dolor y Cuidados Paliativos del Hospital, el mensaje que entregamos durante las actividades de sensibilizaci\u00f3n sobre el c\u00e1ncer fue con un enfoque integral, respetando la individualidad de cada quien que permitan mejorar en diversos \u00e1mbitos como el autocuidado, el valor de la vida y de la salud\u201d.<\/p>\n<p>\u201cHacemos un positivo balance de las m\u00faltiples actividades que se realizaron durante la semana de sensibilizaci\u00f3n de una enfermedad que constituye la segunda causa de muerte en \u00d1uble, pues la comunidad en general y funcionarios participaron de las instancias de di\u00e1logo, lo que ayud\u00f3 tambi\u00e9n a fortalecer el trabajo entre equipos, realizando una labor coordinada en funci\u00f3n del bienestar de nuestros usuarios\u201d, valor\u00f3.<\/p>\n<p><strong>Policl\u00ednico de Alivio del Dolor y Cuidados Paliativos<\/strong><\/p>\n<p>Con un trato digno y constante apoyo en cada una de \u00e1reas de desarrollo, desde lo f\u00edsico, emocional, social y espiritual, el equipo del Policl\u00ednico de Alivio de Dolor y Cuidados Paliativos ha atendido a cerca de 7 mil usuarios en sus 22 a\u00f1os de funcionamiento.<\/p>\n<p>Las patolog\u00edas con mayor prevalencia entre los usuarios de esta dependencia, se encuentra c\u00e1ncer g\u00e1strico y c\u00e1ncer de pr\u00f3stata; ambos con 21%, lo sigue el c\u00e1ncer de mama con un 16.8%, luego el c\u00e1ncer de ves\u00edcula con un 14%, as\u00ed tambi\u00e9n c\u00e1ncer de colon con un 13.5%.<\/p>\n<p>&nbsp;<\/p>\n","protected":false},"excerpt":{"rendered":"<p>Diferentes actividades realizaron durante la primera semana de noviembre la Unidad de Oncolog\u00eda en conjunto con el Policl\u00ednico de Alivio del Dolor y Cuidados Paliativos del Hospital, cuyo prop\u00f3sito fue educar a la comunidad en general sobre el c\u00e1ncer \u00a0y sus aspectos biopsicosociales. La semana inici\u00f3 con un l\u00fadico taller de maquillaje oncol\u00f3gico y turbantes, [&hellip;]<\/p>\n","protected":false},"author":3,"featured_media":5038,"comment_status":"open","ping_status":"closed","sticky":false,"template":"","format":"standard","meta":{"_acf_changed":false,"_monsterinsights_skip_tracking":false,"_monsterinsights_sitenote_active":false,"_monsterinsights_sitenote_note":"","_monsterinsights_sitenote_category":0,"footnotes":""},"categories":[4],"tags":[],"class_list":["post-5035","post","type-post","status-publish","format-standard","has-post-thumbnail","hentry","category-noticias"],"acf":[],"publishpress_future_action":{"enabled":false,"date":"2026-05-06 21:56:24","action":"change-status","newStatus":"draft","terms":[],"taxonomy":"category","extraData":[]},"publishpress_future_workflow_manual_trigger":{"enabledWorkflows":[]},"_links":{"self":[{"href":"https:\/\/hospitaldechillan.cl\/web\/wp-json\/wp\/v2\/posts\/5035","targetHints":{"allow":["GET"]}}],"collection":[{"href":"https:\/\/hospitaldechillan.cl\/web\/wp-json\/wp\/v2\/posts"}],"about":[{"href":"https:\/\/hospitaldechillan.cl\/web\/wp-json\/wp\/v2\/types\/post"}],"author":[{"embeddable":true,"href":"https:\/\/hospitaldechillan.cl\/web\/wp-json\/wp\/v2\/users\/3"}],"replies":[{"embeddable":true,"href":"https:\/\/hospitaldechillan.cl\/web\/wp-json\/wp\/v2\/comments?post=5035"}],"version-history":[{"count":0,"href":"https:\/\/hospitaldechillan.cl\/web\/wp-json\/wp\/v2\/posts\/5035\/revisions"}],"wp:featuredmedia":[{"embeddable":true,"href":"https:\/\/hospitaldechillan.cl\/web\/wp-json\/wp\/v2\/media\/5038"}],"wp:attachment":[{"href":"https:\/\/hospitaldechillan.cl\/web\/wp-json\/wp\/v2\/media?parent=5035"}],"wp:term":[{"taxonomy":"category","embeddable":true,"href":"https:\/\/hospitaldechillan.cl\/web\/wp-json\/wp\/v2\/categories?post=5035"},{"taxonomy":"post_tag","embeddable":true,"href":"https:\/\/hospitaldechillan.cl\/web\/wp-json\/wp\/v2\/tags?post=5035"}],"curies":[{"name":"wp","href":"https:\/\/api.w.org\/{rel}","templated":true}]}}