{"id":4906,"date":"2018-09-14T11:51:05","date_gmt":"2018-09-14T15:51:05","guid":{"rendered":"http:\/\/hospitaldechillan.cl\/web\/?p=4906"},"modified":"2018-09-14T11:51:05","modified_gmt":"2018-09-14T15:51:05","slug":"autoridades-anunciaron-el-refuerzo-de-la-red-asistencial-durante-fiestas-patrias","status":"publish","type":"post","link":"https:\/\/hospitaldechillan.cl\/web\/autoridades-anunciaron-el-refuerzo-de-la-red-asistencial-durante-fiestas-patrias\/","title":{"rendered":"Autoridades anunciaron el refuerzo de la red asistencial durante Fiestas Patrias"},"content":{"rendered":"<p>Llegaron las esperadas Fiestas Patrias, en total, cinco d\u00edas festivos para los chilenos y chilenas, donde las celebraciones familiares con abundantes preparaciones tradicionales ser\u00e1n las protagonistas. Ante el incremento de consultas de salud que se produce durante esta festividad, el <strong>Director (s) del Servicio de Salud \u00d1uble (SS\u00d1)<\/strong>, Ricardo S\u00e1nchez y el <strong>Director (s) del Hospital Cl\u00ednico Herminda Mart\u00edn<\/strong>, doctor Oscar Chac\u00f3n, explicaron el refuerzo de la red de asistencial y las principales recomendaciones para festejar de forma segura.<\/p>\n<p>Se prev\u00e9 que la mayor parte de las consultas sea por transgresiones alimentarias, esto es, comer en forma excesiva, una dieta alta en grasas o muy condimentada, a lo que se suma \u00a0el abuso de alcohol.<\/p>\n<p>\u201cPor ello, el <a href=\"http:\/\/www.serviciodesaludnuble.cl\/sitio\/\" target=\"_blank\">Servicio de Salud \u00d1uble<\/a> implement\u00f3 un plan de contingencia junto a los establecimientos de las 21 comunas, que garantiza la plena operatividad del sistema, asegurando la dotaci\u00f3n de recurso humano para responder a las necesidades de la comunidad. Este programa tambi\u00e9n resguarda el funcionamiento de los servicios cr\u00edticos y el stock de medicamentos e insumos\u201d explic\u00f3 el Director (s) de la Instituci\u00f3n.<\/p>\n<p>Ricardo S\u00e1nchez agreg\u00f3 que \u201cfuncionar\u00e1n todos los Servicios de Atenci\u00f3n Primaria de Urgencia de \u00d1uble, unidades de emergencia hospitalaria de la red y el equipo SAMU\u201d.<\/p>\n<h2><strong>Primero acudir a SAPU<\/strong><\/h2>\n<p>La mayor\u00eda de las consultas son por <strong>problemas gastrointestinales los que pueden ser resueltos en los servicios de atenci\u00f3n primaria de urgencia (SAPU)<\/strong> que est\u00e1n preparados para resolver estos casos de baja complejidad y dar la primera atenci\u00f3n a los pacientes, estabilizarlos, entregar los medicamentos para que contin\u00faen su tratamiento en el hogar y cuando es necesario, trasladan al usuario a una unidad de emergencia hospitalaria.<\/p>\n<p>En esa l\u00ednea, el director (s) del Servicio de Salud recalc\u00f3 la importancia de \u201chacer un buen uso de la red, \u00a0de acudir a los servicios de urgencia hospitalarios, solo en caso de riesgo vital\u201d.<\/p>\n<h2><strong>Autocuidado <\/strong><\/h2>\n<p>M\u00e1s all\u00e1 de este <strong>plan asistencial<\/strong>, es fundamental que las personas se cuiden para disfrutar sin complicaciones. En ese sentido, el doctor Oscar Chac\u00f3n, director (s) del Hospital Cl\u00ednico Herminda Mart\u00edn indic\u00f3 que, \u201cdebido a la acumulaci\u00f3n de d\u00edas feriados en esta ocasi\u00f3n, es necesario extremar las medidas de prevenci\u00f3n, entre ellas, lavarse las manos, con agua y jab\u00f3n antes de comer y despu\u00e9s de ir al ba\u00f1o; manipular por separado los alimentos crudos de los dem\u00e1s para evitar la contaminaci\u00f3n cruzada; no consumir la mayonesa casera; comer en lugares establecidos y con autorizaci\u00f3n sanitaria y si consume alcohol, no conducir\u201d.<\/p>\n<p><img loading=\"lazy\" decoding=\"async\" class=\"alignnone size-medium wp-image-4911\" src=\"https:\/\/hospitaldechillan.cl\/web\/wp-content_Hos\/uploads\/2018\/09\/Preparaci\u00f3n-de-alimentos-Large-640x360.jpg\" alt=\"Foto sobre preparaci\u00f3n segura de alimentos, medidas de autocuidado que acompa\u00f1an el refuerzo de red asistencial en fiestas patrias. \" width=\"640\" height=\"360\" srcset=\"https:\/\/hospitaldechillan.cl\/web\/wp-content\/uploads\/2018\/09\/Preparaci\u00f3n-de-alimentos-Large-640x360.jpg 640w, https:\/\/hospitaldechillan.cl\/web\/wp-content\/uploads\/2018\/09\/Preparaci\u00f3n-de-alimentos-Large-768x432.jpg 768w, https:\/\/hospitaldechillan.cl\/web\/wp-content\/uploads\/2018\/09\/Preparaci\u00f3n-de-alimentos-Large-1200x675.jpg 1200w, https:\/\/hospitaldechillan.cl\/web\/wp-content\/uploads\/2018\/09\/Preparaci\u00f3n-de-alimentos-Large.jpg 1600w\" sizes=\"auto, (max-width: 640px) 100vw, 640px\" \/><\/p>\n<p>El facultativo a\u00f1adi\u00f3 que tambi\u00e9n hay que cuidarse al elevar volantines, haci\u00e9ndolo en \u201clugares abiertos, sin tendido el\u00e9ctrico y nunca usar hilo curado pues puede causar graves heridas y su uso est\u00e1 sancionado por Ley\u201d.<\/p>\n<h1><strong>Colecta\u00a0 de sangre\u00a0<\/strong><\/h1>\n<p>Todas las prestaciones asistenciales requieren un stock de componentes sangu\u00edneos para realizarse, y en per\u00edodos festivos, es preciso asegurar el stock de sangre.<\/p>\n<p>Por ello, este lunes 17 de septiembre el Hospital de Chill\u00e1n realizar\u00e1 una colecta especial de donaci\u00f3n de sangre. El director del establecimiento, Dr. Chac\u00f3n, invit\u00f3 a la ciudadan\u00eda a participar de esta jornada: \u201cEsperamos que la comunidad \u00f1ublensina se haga presente en colecta especial que, en caso de urgencias, nos permitir\u00e1 salvar vidas\u201d, subray\u00f3 el facultativo.<\/p>\n<p>Quienes deseen donar, deben acercarse a la <a href=\"https:\/\/hospitaldechillan.cl\/web\/sangre\/\" target=\"_blank\"><strong>Unidad de Medicina Transfusional<\/strong><\/a>, ubicada en el segundo piso de la Unidad de Emergencia del establecimiento, entre las 8:30 y las 13:30 horas o pueden agendar una hora llamando al tel\u00e9fono 42 2 586441.<\/p>\n<p>Finalmente, las autoridades invitaron a la comunidad a hacer uso del\u00a0 Salud Responde, 600 360 77 77, donde profesionales de la salud est\u00e1n disponibles las 24 horas del d\u00eda para entregarles orientaciones para el cuidado de su salud o qu\u00e9 establecimiento acudir en caso de ser necesario.<\/p>\n","protected":false},"excerpt":{"rendered":"<p>Llegaron las esperadas Fiestas Patrias, en total, cinco d\u00edas festivos para los chilenos y chilenas, donde las celebraciones familiares con abundantes preparaciones tradicionales ser\u00e1n las protagonistas. Ante el incremento de consultas de salud que se produce durante esta festividad, el Director (s) del Servicio de Salud \u00d1uble (SS\u00d1), Ricardo S\u00e1nchez y el Director (s) del [&hellip;]<\/p>\n","protected":false},"author":3,"featured_media":4910,"comment_status":"open","ping_status":"closed","sticky":false,"template":"","format":"standard","meta":{"_acf_changed":false,"_monsterinsights_skip_tracking":false,"_monsterinsights_sitenote_active":false,"_monsterinsights_sitenote_note":"","_monsterinsights_sitenote_category":0,"footnotes":""},"categories":[4],"tags":[],"class_list":["post-4906","post","type-post","status-publish","format-standard","has-post-thumbnail","hentry","category-noticias"],"acf":[],"publishpress_future_action":{"enabled":false,"date":"2026-05-07 11:09:15","action":"change-status","newStatus":"draft","terms":[],"taxonomy":"category","extraData":[]},"publishpress_future_workflow_manual_trigger":{"enabledWorkflows":[]},"_links":{"self":[{"href":"https:\/\/hospitaldechillan.cl\/web\/wp-json\/wp\/v2\/posts\/4906","targetHints":{"allow":["GET"]}}],"collection":[{"href":"https:\/\/hospitaldechillan.cl\/web\/wp-json\/wp\/v2\/posts"}],"about":[{"href":"https:\/\/hospitaldechillan.cl\/web\/wp-json\/wp\/v2\/types\/post"}],"author":[{"embeddable":true,"href":"https:\/\/hospitaldechillan.cl\/web\/wp-json\/wp\/v2\/users\/3"}],"replies":[{"embeddable":true,"href":"https:\/\/hospitaldechillan.cl\/web\/wp-json\/wp\/v2\/comments?post=4906"}],"version-history":[{"count":0,"href":"https:\/\/hospitaldechillan.cl\/web\/wp-json\/wp\/v2\/posts\/4906\/revisions"}],"wp:featuredmedia":[{"embeddable":true,"href":"https:\/\/hospitaldechillan.cl\/web\/wp-json\/wp\/v2\/media\/4910"}],"wp:attachment":[{"href":"https:\/\/hospitaldechillan.cl\/web\/wp-json\/wp\/v2\/media?parent=4906"}],"wp:term":[{"taxonomy":"category","embeddable":true,"href":"https:\/\/hospitaldechillan.cl\/web\/wp-json\/wp\/v2\/categories?post=4906"},{"taxonomy":"post_tag","embeddable":true,"href":"https:\/\/hospitaldechillan.cl\/web\/wp-json\/wp\/v2\/tags?post=4906"}],"curies":[{"name":"wp","href":"https:\/\/api.w.org\/{rel}","templated":true}]}}