{"id":4891,"date":"2018-09-10T16:19:11","date_gmt":"2018-09-10T20:19:11","guid":{"rendered":"http:\/\/hospitaldechillan.cl\/web\/?p=4891"},"modified":"2018-09-10T16:19:11","modified_gmt":"2018-09-10T20:19:11","slug":"asumio-nuevo-director-s-del-hospital","status":"publish","type":"post","link":"https:\/\/hospitaldechillan.cl\/web\/asumio-nuevo-director-s-del-hospital\/","title":{"rendered":"Asumi\u00f3 nuevo Director (s) del Hospital"},"content":{"rendered":"<p>Hoy, lunes 10 de septiembre asumi\u00f3 el nuevo Director (s) del Hospital Cl\u00ednico Herminda Mart\u00edn, <strong>Dr. Oscar Chac\u00f3n Ib\u00e1\u00f1ez<\/strong>, quien fue presentado oficialmente a la comunidad hospitalaria en un Consejo T\u00e9cnico Ampliado, reuni\u00f3n en la que participan las jefaturas del recinto asistencial.<\/p>\n<p><img loading=\"lazy\" decoding=\"async\" class=\"alignnone size-medium wp-image-4897\" src=\"https:\/\/hospitaldechillan.cl\/web\/wp-content_Hos\/uploads\/2018\/09\/Traspaso-de-cargo-640x360.jpg\" alt=\"foto del momento en que se traspasa el cargo de Director (s) del Hospital. \" width=\"640\" height=\"360\" srcset=\"https:\/\/hospitaldechillan.cl\/web\/wp-content\/uploads\/2018\/09\/Traspaso-de-cargo-640x360.jpg 640w, https:\/\/hospitaldechillan.cl\/web\/wp-content\/uploads\/2018\/09\/Traspaso-de-cargo-768x432.jpg 768w, https:\/\/hospitaldechillan.cl\/web\/wp-content\/uploads\/2018\/09\/Traspaso-de-cargo-1200x675.jpg 1200w, https:\/\/hospitaldechillan.cl\/web\/wp-content\/uploads\/2018\/09\/Traspaso-de-cargo.jpg 1600w\" sizes=\"auto, (max-width: 640px) 100vw, 640px\" \/><\/p>\n<p>El Dr. Chac\u00f3n, es M\u00e9dico Cirujano de la Pontificia Universidad Cat\u00f3lica de Chile (1982), y en su trayectoria laboral se ha desempe\u00f1ado tanto en el \u00e1mbito privado como p\u00fablico. Hasta el viernes reci\u00e9n pasado fue el m\u00e9dico auditor del <a href=\"http:\/\/www.serviciodesaludnuble.cl\/sitio\/\" target=\"_blank\">Servicio de Salud \u00d1uble (SS\u00d1<\/a>) y M\u00e9dico Asesor en Salud Ocupacional de la Unidad de Calidad de Vida de la misma instituci\u00f3n. En su experiencia laboral tambi\u00e9n destaca su labor como Subdirector Administrativo del Hospital S\u00f3tero del R\u00edo durante 3 a\u00f1os (1987 a 1990), y previamente como Coordinador del Consultorio de Especialidades de ese mismo establecimiento.<\/p>\n<p>En la ocasi\u00f3n, el Dr. Chac\u00f3n se dirigi\u00f3 a la comunidad hospitalaria para destacar que estar\u00e1 en el cargo mientras el Servicio Civil realiza el concurso p\u00fablico para proveer la nueva autoridad. \u201cAgradezco la confianza del Director del Servicio de Salud \u00d1uble, y espero responder a ella con humildad y responsabilidad, sobre todo en el marco de la instalaci\u00f3n de la nueva Regi\u00f3n de \u00d1uble. Al comenzar este nuevo desaf\u00edo quiero manifestar mi intenci\u00f3n de realizar un trabajo colaborativo y respetuoso para todos los que componen la familia del Hospital y para nuestros usuarios, a quienes estamos conminados a entregar una salud cercana y oportuna, con un trato cordial\u201d, sostuvo.<\/p>\n<p>Algunas de sus funciones en el \u00e1mbito privado las desarroll\u00f3 en la Mutual de Seguridad de la C\u00e1mara Chilena de la Construcci\u00f3n, en la Isapre Consalud y como Docente en la Escuela de Medicina y Odontolog\u00eda de la Universidad de Los Andes, entre otros.<\/p>\n<p><img loading=\"lazy\" decoding=\"async\" class=\"alignnone size-medium wp-image-4896\" src=\"https:\/\/hospitaldechillan.cl\/web\/wp-content_Hos\/uploads\/2018\/09\/reconocimiento-dr-v\u00e1squez-640x360.jpg\" alt=\"Foto del reconocimiento al Dr. Ricardo V\u00e1squez, en la ceremonia de presentaci\u00f3n del nuevo director (s) del HCHM. \" width=\"640\" height=\"360\" srcset=\"https:\/\/hospitaldechillan.cl\/web\/wp-content\/uploads\/2018\/09\/reconocimiento-dr-v\u00e1squez-640x360.jpg 640w, https:\/\/hospitaldechillan.cl\/web\/wp-content\/uploads\/2018\/09\/reconocimiento-dr-v\u00e1squez-768x432.jpg 768w, https:\/\/hospitaldechillan.cl\/web\/wp-content\/uploads\/2018\/09\/reconocimiento-dr-v\u00e1squez-1200x675.jpg 1200w, https:\/\/hospitaldechillan.cl\/web\/wp-content\/uploads\/2018\/09\/reconocimiento-dr-v\u00e1squez.jpg 1600w\" sizes=\"auto, (max-width: 640px) 100vw, 640px\" \/><\/p>\n<p>En la misma ocasi\u00f3n, el Director (s) del Servicio de Salud \u00d1uble, <strong>Ricardo S\u00e1nchez Opazo<\/strong> realiz\u00f3 un reconocimiento al\u00a0 <strong>Dr. Ricardo V\u00e1squez Sandoval<\/strong>, por su contribuci\u00f3n en la <a href=\"https:\/\/hospitaldechillan.cl\/web\/director-del-hospital-de-chillan-finaliza-tercer-periodo-en-su-cargo\/\" target=\"_blank\">Direcci\u00f3n del centro asistencial durante m\u00e1s 3 meses<\/a>.<\/p>\n","protected":false},"excerpt":{"rendered":"<p>La nueva autoridad, es el Dr. Oscar Chac\u00f3n Ib\u00e1\u00f1ez, quien es m\u00e9dico cirujano y hasta el viernes se desempe\u00f1\u00f3 como m\u00e9dico auditor del Servicio de Salud \u00d1uble. <\/p>\n","protected":false},"author":3,"featured_media":4894,"comment_status":"open","ping_status":"closed","sticky":false,"template":"","format":"standard","meta":{"_acf_changed":false,"_monsterinsights_skip_tracking":false,"footnotes":""},"categories":[4],"tags":[],"class_list":["post-4891","post","type-post","status-publish","format-standard","has-post-thumbnail","hentry","category-noticias"],"acf":[],"publishpress_future_action":{"enabled":false,"date":"2026-09-08 11:41:29","action":"change-status","newStatus":"draft","terms":[],"taxonomy":"category","extraData":[]},"publishpress_future_workflow_manual_trigger":{"enabledWorkflows":[]},"_links":{"self":[{"href":"https:\/\/hospitaldechillan.cl\/web\/wp-json\/wp\/v2\/posts\/4891","targetHints":{"allow":["GET"]}}],"collection":[{"href":"https:\/\/hospitaldechillan.cl\/web\/wp-json\/wp\/v2\/posts"}],"about":[{"href":"https:\/\/hospitaldechillan.cl\/web\/wp-json\/wp\/v2\/types\/post"}],"author":[{"embeddable":true,"href":"https:\/\/hospitaldechillan.cl\/web\/wp-json\/wp\/v2\/users\/3"}],"replies":[{"embeddable":true,"href":"https:\/\/hospitaldechillan.cl\/web\/wp-json\/wp\/v2\/comments?post=4891"}],"version-history":[{"count":0,"href":"https:\/\/hospitaldechillan.cl\/web\/wp-json\/wp\/v2\/posts\/4891\/revisions"}],"wp:featuredmedia":[{"embeddable":true,"href":"https:\/\/hospitaldechillan.cl\/web\/wp-json\/wp\/v2\/media\/4894"}],"wp:attachment":[{"href":"https:\/\/hospitaldechillan.cl\/web\/wp-json\/wp\/v2\/media?parent=4891"}],"wp:term":[{"taxonomy":"category","embeddable":true,"href":"https:\/\/hospitaldechillan.cl\/web\/wp-json\/wp\/v2\/categories?post=4891"},{"taxonomy":"post_tag","embeddable":true,"href":"https:\/\/hospitaldechillan.cl\/web\/wp-json\/wp\/v2\/tags?post=4891"}],"curies":[{"name":"wp","href":"https:\/\/api.w.org\/{rel}","templated":true}]}}