{"id":4878,"date":"2018-09-06T14:30:47","date_gmt":"2018-09-06T18:30:47","guid":{"rendered":"http:\/\/hospitaldechillan.cl\/web\/?p=4878"},"modified":"2018-09-06T14:30:47","modified_gmt":"2018-09-06T18:30:47","slug":"simon-y-alonso-fueron-los-primeros-bebes-nacidos-en-la-region-de-nuble","status":"publish","type":"post","link":"https:\/\/hospitaldechillan.cl\/web\/simon-y-alonso-fueron-los-primeros-bebes-nacidos-en-la-region-de-nuble\/","title":{"rendered":"Sim\u00f3n y Alonso fueron los primeros beb\u00e9s nacidos en la Regi\u00f3n de \u00d1uble"},"content":{"rendered":"<p>Con casi 40 minutos de diferencia, en el pabell\u00f3n del <a href=\"https:\/\/hospitaldechillan.cl\/web\/organizacion\/cr\/obstetricia-y-ginecologia\/\" target=\"_blank\">Servicio de Obstetricia y Ginecolog\u00eda<\/a> del Hospital Cl\u00ednico Herminda Mart\u00edn de Chill\u00e1n nacieron los primeros beb\u00e9s de la\u00a0<a href=\"https:\/\/hospitaldechillan.cl\/web\/bienvenida-region-de-nuble\/\" target=\"_blank\">Nueva Regi\u00f3n de \u00d1uble<\/a>.<\/p>\n<p><strong>Sim\u00f3n Dami\u00e1n Henr\u00edquez Vel\u00e1squez<\/strong>, fue el primero en nacer a las 2.41 horas de la madrugada, mediante un parto por ces\u00e1rea que result\u00f3 todo un \u00e9xito. El ni\u00f1o\u00a0pes\u00f3 3 kilos 110 gramos y midi\u00f3 49 cent\u00edmetros de longitud.<\/p>\n<p>Su madre Ang\u00e9lica Vel\u00e1squez (29 a\u00f1os), expres\u00f3 su felicidad porque el parto result\u00f3 bien, pues \u201choy tengo a Sim\u00f3n a mi lado, en una fecha hist\u00f3rica. Quer\u00eda que naciera por parto normal, pero debido a una complicaci\u00f3n no se pudo, sin embargo estoy contenta porque est\u00e1 sanito, y cuando sal\u00ed del pabell\u00f3n estuvimos juntos y \u00e9l se tom\u00f3 al pecho s\u00faper bien, se gener\u00f3 un apego muy especial\u201d, manifest\u00f3 la emocionada mam\u00e1.<\/p>\n<p>El segundo en nacer fue <strong>Alonso Andr\u00e9s Mellado Barra<\/strong> a las 3.23 de la madrugada, y pes\u00f3 3 kilos 930 con 52 cent\u00edmetros de longitud. Jennifer Barra, madre de Alonso, cont\u00f3 que ayer fue un d\u00eda con muchos dolores de parto y de preparaci\u00f3n extenso, y que a pesar de planeaba tener un parto normal, \u201cesto no fue posible porque el beb\u00e9 cambi\u00f3 de posici\u00f3n, pero finalmente lo importante es que \u00e9l est\u00e1 bien. Adem\u00e1s ha sido una experiencia maravillosa ya que yo he aprovechado su compa\u00f1\u00eda y adem\u00e1s viv\u00ed todo el proceso acompa\u00f1ada por su pap\u00e1, lo que lo hace m\u00e1s reconfortante\u201d.<\/p>\n<p><img loading=\"lazy\" decoding=\"async\" class=\"alignnone size-medium wp-image-4882\" src=\"https:\/\/hospitaldechillan.cl\/web\/wp-content_Hos\/uploads\/2018\/09\/alonso-640x360.jpg\" alt=\"foto de alonso uno de los primeros beb\u00e9s nacidos en la Nueva Regi\u00f3n de \u00d1uble.\" width=\"640\" height=\"360\" srcset=\"https:\/\/hospitaldechillan.cl\/web\/wp-content\/uploads\/2018\/09\/alonso-640x360.jpg 640w, https:\/\/hospitaldechillan.cl\/web\/wp-content\/uploads\/2018\/09\/alonso-768x432.jpg 768w, https:\/\/hospitaldechillan.cl\/web\/wp-content\/uploads\/2018\/09\/alonso-1200x675.jpg 1200w, https:\/\/hospitaldechillan.cl\/web\/wp-content\/uploads\/2018\/09\/alonso.jpg 1600w\" sizes=\"auto, (max-width: 640px) 100vw, 640px\" \/><\/p>\n<p>El <strong>Director (s) del Hospital Cl\u00ednico Herminda Mart\u00edn, Dr. Ricardo V\u00e1squez Sandoval<\/strong> felicit\u00f3 a las familias de los reci\u00e9n nacidos, \u201cpues el parto es un momento muy especial en la vida de las mujeres y de sus parejas, que marca el inicio de una nueva etapa llena de cambios. Nosotros como funcionarios de salud, estamos presentes brindando una atenci\u00f3n oportuna y cercana, en la que hacemos part\u00edcipes a ambos progenitores, impulsando desde los primeros minutos de vida el apego entre el reci\u00e9n nacido y sus padres. Somos el centro asistencial de mayor complejidad de la Regi\u00f3n, y en este d\u00eda hist\u00f3rico hacemos p\u00fablico nuestro desaf\u00edo de continuar optimizando cada una de nuestras atenciones a los \u00f1ublensinos, Cuidando y mejorando la salud de las familias, con un equipo de personas que trabaja con calidad\u201d, puntualiz\u00f3.<\/p>\n<p>Ambas madres viven en Chill\u00e1n, y en los albores de la Regi\u00f3n de \u00d1uble vivieron el nacimiento de su segundo hijo.<\/p>\n","protected":false},"excerpt":{"rendered":"<p>Con casi 40 minutos de diferencia, en el pabell\u00f3n del Servicio de Obstetricia y Ginecolog\u00eda del Hospital Cl\u00ednico Herminda Mart\u00edn de Chill\u00e1n nacieron los primeros beb\u00e9s de la\u00a0Nueva Regi\u00f3n de \u00d1uble. Sim\u00f3n Dami\u00e1n Henr\u00edquez Vel\u00e1squez, fue el primero en nacer a las 2.41 horas de la madrugada, mediante un parto por ces\u00e1rea que result\u00f3 todo [&hellip;]<\/p>\n","protected":false},"author":3,"featured_media":4880,"comment_status":"open","ping_status":"closed","sticky":false,"template":"","format":"standard","meta":{"_acf_changed":false,"_monsterinsights_skip_tracking":false,"footnotes":""},"categories":[4],"tags":[],"class_list":["post-4878","post","type-post","status-publish","format-standard","has-post-thumbnail","hentry","category-noticias"],"acf":[],"publishpress_future_action":{"enabled":false,"date":"2026-09-08 11:42:26","action":"change-status","newStatus":"draft","terms":[],"taxonomy":"category","extraData":[]},"publishpress_future_workflow_manual_trigger":{"enabledWorkflows":[]},"_links":{"self":[{"href":"https:\/\/hospitaldechillan.cl\/web\/wp-json\/wp\/v2\/posts\/4878","targetHints":{"allow":["GET"]}}],"collection":[{"href":"https:\/\/hospitaldechillan.cl\/web\/wp-json\/wp\/v2\/posts"}],"about":[{"href":"https:\/\/hospitaldechillan.cl\/web\/wp-json\/wp\/v2\/types\/post"}],"author":[{"embeddable":true,"href":"https:\/\/hospitaldechillan.cl\/web\/wp-json\/wp\/v2\/users\/3"}],"replies":[{"embeddable":true,"href":"https:\/\/hospitaldechillan.cl\/web\/wp-json\/wp\/v2\/comments?post=4878"}],"version-history":[{"count":0,"href":"https:\/\/hospitaldechillan.cl\/web\/wp-json\/wp\/v2\/posts\/4878\/revisions"}],"wp:featuredmedia":[{"embeddable":true,"href":"https:\/\/hospitaldechillan.cl\/web\/wp-json\/wp\/v2\/media\/4880"}],"wp:attachment":[{"href":"https:\/\/hospitaldechillan.cl\/web\/wp-json\/wp\/v2\/media?parent=4878"}],"wp:term":[{"taxonomy":"category","embeddable":true,"href":"https:\/\/hospitaldechillan.cl\/web\/wp-json\/wp\/v2\/categories?post=4878"},{"taxonomy":"post_tag","embeddable":true,"href":"https:\/\/hospitaldechillan.cl\/web\/wp-json\/wp\/v2\/tags?post=4878"}],"curies":[{"name":"wp","href":"https:\/\/api.w.org\/{rel}","templated":true}]}}