{"id":4856,"date":"2018-09-04T13:14:24","date_gmt":"2018-09-04T17:14:24","guid":{"rendered":"http:\/\/hospitaldechillan.cl\/web\/?p=4856"},"modified":"2018-09-04T13:16:16","modified_gmt":"2018-09-04T17:16:16","slug":"usuarios-de-telemedicina-con-patologias-cardiacas-compartieron-en-jornada-educativa-en-el-mes-del-corazon","status":"publish","type":"post","link":"https:\/\/hospitaldechillan.cl\/web\/usuarios-de-telemedicina-con-patologias-cardiacas-compartieron-en-jornada-educativa-en-el-mes-del-corazon\/","title":{"rendered":"Usuarios de telemedicina con patolog\u00edas card\u00edacas compartieron en jornada conmemorativa del mes del coraz\u00f3n"},"content":{"rendered":"<p>Boanerges Calder\u00f3n es una de las 200 personas que este 2018 han sido controlados v\u00eda teleasistencia por un cardi\u00f3logo del <a href=\"https:\/\/www.hospitallashigueras.cl\/\" target=\"_blank\">Hospital Las Higueras<\/a>, recinto de referencia donde son derivados los pacientes del Hospital Cl\u00ednico Herminda Mart\u00edn (HCHM), cuando sus patolog\u00edas card\u00edacas son de mayor gravedad y necesitan ser analizados e intervenidos. Al igual que otros pacientes, particip\u00f3 de la jornada educativa que organiz\u00f3 la Unidad de Telemedicina del HCHM con motivo del <a href=\"https:\/\/hospitaldechillan.cl\/web\/telemedicina-celebro-mes-del-corazon-reuniendo-a-nublensinos-operados-del-corazon\/\" target=\"_blank\">mes del Coraz\u00f3n<\/a>, ocasi\u00f3n en la que participaron m\u00e9dicos especialistas del Hospital y tambi\u00e9n el Director (s) Dr. Ricardo V\u00e1squez Sandoval.<\/p>\n<p>Boanerges, de 66 a\u00f1os es un artesano, oriundo de Coihueco, que hace 3 meses sufri\u00f3 un infarto que lo tuvo hospitalizado en el HCHM durante dos semanas, durante las cuales fue evaluado por Telemedicina, para calificar su riesgo, antes de someterse a una cirug\u00eda de revascularizaci\u00f3n mioc\u00e1rdiaca, que salv\u00f3 su vida y tal como expres\u00f3 gener\u00f3 un cambio en su vida. \u201cYa no soy la misma persona que fui, ahora siento que soy m\u00e1s fuerte que antes, y estoy convencido que en todas las cosas hay que poner amor y pasi\u00f3n, para tener la convicci\u00f3n de cuidarse y hacer mejor las cosas adem\u00e1s de contar con el apoyo de la Unidad de Telemedicina\u201d, resalt\u00f3 Calder\u00f3n.<\/p>\n<p>Jacqueline Hargous, M\u00e9dico Jefe de la Unidad hospitalaria explic\u00f3 que mediante esta actividad los \u00a0usuarios, \u201cconocieron m\u00e1s sobre nosotros y los procesos que realizamos para\u00a0 contribuir a disminuir las enfermedades al coraz\u00f3n y sus secuelas. Para nosotros es muy reconfortante o\u00edr su experiencia, pues que pese a lo grave que estuvieron pudieron superar positivamente todas las complicaciones\u201d, asegur\u00f3 la especialista.<\/p>\n<p><img loading=\"lazy\" decoding=\"async\" class=\"alignnone size-medium wp-image-4859\" src=\"https:\/\/hospitaldechillan.cl\/web\/wp-content_Hos\/uploads\/2018\/09\/conexion-con-telemedicina-640x320.jpg\" alt=\"Foto de conexi\u00f3n entre HCHM y Hospital Las Higueras, en Jornada Educativa para usuarios con patolog\u00edas card\u00edacas\" width=\"640\" height=\"320\" srcset=\"https:\/\/hospitaldechillan.cl\/web\/wp-content\/uploads\/2018\/09\/conexion-con-telemedicina-640x320.jpg 640w, https:\/\/hospitaldechillan.cl\/web\/wp-content\/uploads\/2018\/09\/conexion-con-telemedicina-768x384.jpg 768w, https:\/\/hospitaldechillan.cl\/web\/wp-content\/uploads\/2018\/09\/conexion-con-telemedicina-1200x600.jpg 1200w, https:\/\/hospitaldechillan.cl\/web\/wp-content\/uploads\/2018\/09\/conexion-con-telemedicina.jpg 1600w\" sizes=\"auto, (max-width: 640px) 100vw, 640px\" \/><\/p>\n<p><strong>Conexi\u00f3n especial con Hospital Las Higueras<\/strong><\/p>\n<p>Al finalizar la charla del Dr. Claudio Medina, m\u00e9dico a cargo de Telecardiolog\u00eda, resumi\u00f3 los principales s\u00edntomas de las enfermedades cardiol\u00f3gicas, las recomendaciones para evitar enfermar y los tratamientos que son necesarios para superarlas, adem\u00e1s de realizar una conexi\u00f3n con el equipo asistencial del Hospital Las Higueras, encabezado por el Subdirector M\u00e9dico del recinto Hospitalario, Dr. H\u00e9ctor Gonz\u00e1lez, quien salud\u00f3 a los usuarios \u00f1ublensinos.<\/p>\n","protected":false},"excerpt":{"rendered":"<p>Boanerges Calder\u00f3n es una de las 200 personas que este 2018 han sido controlados v\u00eda teleasistencia por un cardi\u00f3logo del Hospital Las Higueras, recinto de referencia donde son derivados los pacientes del Hospital Cl\u00ednico Herminda Mart\u00edn (HCHM), cuando sus patolog\u00edas card\u00edacas son de mayor gravedad y necesitan ser analizados e intervenidos. Al igual que otros [&hellip;]<\/p>\n","protected":false},"author":3,"featured_media":4858,"comment_status":"open","ping_status":"closed","sticky":false,"template":"","format":"standard","meta":{"_acf_changed":false,"_monsterinsights_skip_tracking":false,"footnotes":""},"categories":[4],"tags":[],"class_list":["post-4856","post","type-post","status-publish","format-standard","has-post-thumbnail","hentry","category-noticias"],"acf":[],"publishpress_future_action":{"enabled":false,"date":"2026-09-08 11:41:52","action":"change-status","newStatus":"draft","terms":[],"taxonomy":"category","extraData":[]},"publishpress_future_workflow_manual_trigger":{"enabledWorkflows":[]},"_links":{"self":[{"href":"https:\/\/hospitaldechillan.cl\/web\/wp-json\/wp\/v2\/posts\/4856","targetHints":{"allow":["GET"]}}],"collection":[{"href":"https:\/\/hospitaldechillan.cl\/web\/wp-json\/wp\/v2\/posts"}],"about":[{"href":"https:\/\/hospitaldechillan.cl\/web\/wp-json\/wp\/v2\/types\/post"}],"author":[{"embeddable":true,"href":"https:\/\/hospitaldechillan.cl\/web\/wp-json\/wp\/v2\/users\/3"}],"replies":[{"embeddable":true,"href":"https:\/\/hospitaldechillan.cl\/web\/wp-json\/wp\/v2\/comments?post=4856"}],"version-history":[{"count":0,"href":"https:\/\/hospitaldechillan.cl\/web\/wp-json\/wp\/v2\/posts\/4856\/revisions"}],"wp:featuredmedia":[{"embeddable":true,"href":"https:\/\/hospitaldechillan.cl\/web\/wp-json\/wp\/v2\/media\/4858"}],"wp:attachment":[{"href":"https:\/\/hospitaldechillan.cl\/web\/wp-json\/wp\/v2\/media?parent=4856"}],"wp:term":[{"taxonomy":"category","embeddable":true,"href":"https:\/\/hospitaldechillan.cl\/web\/wp-json\/wp\/v2\/categories?post=4856"},{"taxonomy":"post_tag","embeddable":true,"href":"https:\/\/hospitaldechillan.cl\/web\/wp-json\/wp\/v2\/tags?post=4856"}],"curies":[{"name":"wp","href":"https:\/\/api.w.org\/{rel}","templated":true}]}}