{"id":479,"date":"2014-08-04T20:25:41","date_gmt":"2014-08-05T00:25:41","guid":{"rendered":"http:\/\/hospitaldechillan.cl\/web\/?p=479"},"modified":"2014-08-15T20:26:51","modified_gmt":"2014-08-16T00:26:51","slug":"maestros-de-guitarra-incluyeron-presentacion-en-el-auditorio-hospitalario-a-su-gira-nacional","status":"publish","type":"post","link":"https:\/\/hospitaldechillan.cl\/web\/maestros-de-guitarra-incluyeron-presentacion-en-el-auditorio-hospitalario-a-su-gira-nacional\/","title":{"rendered":"Maestros de guitarra incluyeron presentaci\u00f3n en el auditorio hospitalario a su gira nacional"},"content":{"rendered":"<p>El Auditorio de nuestro Hospital Cl\u00ednico Herminda Mart\u00edn, reuni\u00f3 sobre sus tablas a dos virtuosos guitarristas, el int\u00e9rprete nacional Romilio Orellana y Juan Fal\u00fa, premio internacional de arte de su natal Argentina, con un concierto dedicado a los amantes de la m\u00fasica docta y folcl\u00f3rica que se realiz\u00f3 el s\u00e1bado 2 de agosto desde las 19:30 horas, con entrada liberada y patrocinado por la Agrupaci\u00f3n cultural Do\u00f1a Herminda.<\/p>\n<p>Nuestra ciudad, fue elegida por los m\u00fasicos para ser una escala m\u00e1s dentro de la serie de conciertos que iniciaron el mi\u00e9rcoles 30 de julio en diferentes ciudades de Chile entre las que se cuentan Santiago, Concepci\u00f3n y Vi\u00f1a del Mar.<\/p>\n<p>\u201cPara m\u00ed fue un honor tocar en Chill\u00e1n cuna de grandes artistas como Claudio Arrau y Ram\u00f3n Vinay, m\u00e1s a\u00fan hacerlo con un gran maestro de la m\u00fasica trasandina como lo es Juan Fal\u00fa, con quien tuvimos un concierto masivo en Santiago, que esperamos repetir en \u00e9xito en las otras ciudades, para ir ganando adeptos a la m\u00fasica\u201d, cont\u00f3 Romilio Orellana.<\/p>\n<p>Al igual que los otros conciertos que los m\u00fasicos brindaron en nuestro pa\u00eds, el repertorio incluy\u00f3 obras cl\u00e1sicas y populares escritas para guitarra, contrastando las experiencias de lo docto con la cultural tradicional argentina. No obstante, tambi\u00e9n hubo obras del gran V\u00edctor Jara y una interpretaci\u00f3n de un tradicional tango argentino, con el apoyo vocal de la cantante Ana \u00c1lvarez Kemp.<\/p>\n<p>La primera parte del programa estuvo a cargo de Romilio Orellana, quien interpret\u00f3 un repertorio con obras del periodo barroco como Ciaccona de Silvio Leopold Weiss y Preludio-Allegro BWV 998 de Johann Sebastian Bach, adem\u00e1s de creaciones de Enrique Granados, Agust\u00edn Barrios e Isaac Alb\u00e9niz. Luego fue el turno de Juan Fal\u00fa, quien principalmente abordar\u00e1 temas de su propia autor\u00eda como \u201cDe la ra\u00edz a la copa\u201d, \u201cQue lo diga el r\u00edo\u201d, \u201cComo el aire\u201d y \u201cRebalsado\u201d, junto con obras de Ariel Ram\u00edrez, Pepe Nu\u00f1ez, Pablo del Cerro y J. C. Cobi\u00e1n.<\/p>\n<p>Pese a que ambos m\u00fasicos tocaron en etapas diferentes del concierto, preparon un tema a d\u00fao para cerrar.<\/p>\n<p>El maestro Fal\u00fa destac\u00f3 que \u201crespeto mucho y admiro a Romilio, por lo que ha sido un gusto compartir escenario con \u00e9l, y combinar lenguajes musicales diferentes\u201d.<\/p>\n<p>Unir la m\u00fasica docta y la folcl\u00f3rica, es para Fal\u00fa \u201cmuy posible, ya que si existe una divisi\u00f3n, \u00e9sta es artificial y es posible diluir las fronteras, porque en definitiva todo es m\u00fasica\u201d.<\/p>\n","protected":false},"excerpt":{"rendered":"<p>Romilio Orellana y Juan Fal\u00fa ofrecieron concierto gratuito el s\u00e1bado 2 de agosto durante m\u00e1s de una hora.<\/p>\n","protected":false},"author":2,"featured_media":480,"comment_status":"open","ping_status":"closed","sticky":false,"template":"","format":"standard","meta":{"_acf_changed":false,"_monsterinsights_skip_tracking":false,"_monsterinsights_sitenote_active":false,"_monsterinsights_sitenote_note":"","_monsterinsights_sitenote_category":0,"footnotes":""},"categories":[4],"tags":[],"class_list":["post-479","post","type-post","status-publish","format-standard","has-post-thumbnail","hentry","category-noticias"],"acf":[],"publishpress_future_action":{"enabled":false,"date":"2026-05-05 10:58:13","action":"change-status","newStatus":"draft","terms":[],"taxonomy":"category","extraData":[]},"publishpress_future_workflow_manual_trigger":{"enabledWorkflows":[]},"_links":{"self":[{"href":"https:\/\/hospitaldechillan.cl\/web\/wp-json\/wp\/v2\/posts\/479","targetHints":{"allow":["GET"]}}],"collection":[{"href":"https:\/\/hospitaldechillan.cl\/web\/wp-json\/wp\/v2\/posts"}],"about":[{"href":"https:\/\/hospitaldechillan.cl\/web\/wp-json\/wp\/v2\/types\/post"}],"author":[{"embeddable":true,"href":"https:\/\/hospitaldechillan.cl\/web\/wp-json\/wp\/v2\/users\/2"}],"replies":[{"embeddable":true,"href":"https:\/\/hospitaldechillan.cl\/web\/wp-json\/wp\/v2\/comments?post=479"}],"version-history":[{"count":0,"href":"https:\/\/hospitaldechillan.cl\/web\/wp-json\/wp\/v2\/posts\/479\/revisions"}],"wp:featuredmedia":[{"embeddable":true,"href":"https:\/\/hospitaldechillan.cl\/web\/wp-json\/wp\/v2\/media\/480"}],"wp:attachment":[{"href":"https:\/\/hospitaldechillan.cl\/web\/wp-json\/wp\/v2\/media?parent=479"}],"wp:term":[{"taxonomy":"category","embeddable":true,"href":"https:\/\/hospitaldechillan.cl\/web\/wp-json\/wp\/v2\/categories?post=479"},{"taxonomy":"post_tag","embeddable":true,"href":"https:\/\/hospitaldechillan.cl\/web\/wp-json\/wp\/v2\/tags?post=479"}],"curies":[{"name":"wp","href":"https:\/\/api.w.org\/{rel}","templated":true}]}}