{"id":476,"date":"2014-07-21T20:24:48","date_gmt":"2014-07-22T00:24:48","guid":{"rendered":"http:\/\/hospitaldechillan.cl\/web\/?p=476"},"modified":"2014-08-15T20:25:39","modified_gmt":"2014-08-16T00:25:39","slug":"programa-de-postgrado-amplia-potencial-asistencial-docente","status":"publish","type":"post","link":"https:\/\/hospitaldechillan.cl\/web\/programa-de-postgrado-amplia-potencial-asistencial-docente\/","title":{"rendered":"Programa de postgrado ampl\u00eda potencial asistencial docente"},"content":{"rendered":"<p>Un positivo balance se realiza luego de los primeros cuatro meses de implementaci\u00f3n en el Hospital Cl\u00ednico Herminda Mart\u00edn (HCHM), del Programa de formaci\u00f3n de especialistas en Anestesia y reanimaci\u00f3n, \u00fanico en su tipo en \u00d1uble, y que lo impulsa en un camino m\u00e1s amplio hacia la formaci\u00f3n de profesionales de la salud<\/p>\n<p>\u201cLa implementaci\u00f3n del Programa de formaci\u00f3n de especialistas en Anestesia y Reanimaci\u00f3n en el Hospital significa avanzar un paso m\u00e1s como Hospital Asistencial Docente, que inici\u00f3 la formaci\u00f3n de profesionales de la salud en la d\u00e9cada del 70 y que se mantiene en la actualidad, ampliando su potencial y extendi\u00e9ndose hacia la formaci\u00f3n de profesionales de postgrado, como en este caso, con los anestesistas. Por ello, nos sentimos orgullosos de contribuir a la formaci\u00f3n de especialistas, que asumen un compromiso con la Provincia de \u00d1uble, permaneciendo en ella durante 6 a\u00f1os luego de finalizado el programa\u201d, puntualiz\u00f3 el Director (s) del HCHM, Dr. Ricardo V\u00e1squez<\/p>\n<p>De acuerdo con el Jefe del programa de especializaci\u00f3n, Dr. Juan Carlos G\u00f3mez \u201cel postgrado acoge la inquietud de las necesidades del pa\u00eds, existe un d\u00e9ficit en distintas especialidades y entre ellas anestesiolog\u00eda. Por lo tanto, este programa viene a recoger esta necesidad y a plantearnos como podemos aportar\u201d.<\/p>\n<p>En Chile la formaci\u00f3n de especialistas en anestesia dura tres a\u00f1os. En el programa implementado, se realiza tanto metodolog\u00eda te\u00f3rica como pr\u00e1ctica. La primera es impartida en un diplomado que se dicta en la Pontificia Universidad Cat\u00f3lica de Chile y la segunda, en los pabellones del Hospital, con la supervisi\u00f3n de docentes de la unidad<\/p>\n<p>El Dr. G\u00f3mez resalt\u00f3 que \u201cser un centro de formaci\u00f3n de postgrado exige un alto nivel del centro hospitalario, compromiso del profesional, alto nivel de formaci\u00f3n, razones por las cuales los docentes estamos terminando un ciclo de formaci\u00f3n para hacer docencia de postgrado\u201d<\/p>\n<p>Una de las Becadas que realiza el postgrado que ofrece en conjunto la UCSC con el Hospital de Chill\u00e1n, la dra. Diana Gonz\u00e1lez, cont\u00f3 su experiencia en este plan piloto para \u00d1uble. \u201cMe ha parecido una formaci\u00f3n de alt\u00edsimo nivel tanto acad\u00e9mico como profesional, de aplicaci\u00f3n. Todos muy prestos a ayudar, no solo los docentes sino todo el equipo con el que trabajamos. Alta exigencia acad\u00e9mica y f\u00edsica\u201d<\/p>\n","protected":false},"excerpt":{"rendered":"<p>Con la implementaci\u00f3n de la especialidad en anestesia y reanimaci\u00f3n, se incorporar\u00e1 al cabo de 3 a\u00f1os a tres nuevos especialistas a la red de salud p\u00fablica de nuestra provincia, los que permanecer\u00e1n en \u00d1uble al menos por 6 a\u00f1os.<\/p>\n","protected":false},"author":2,"featured_media":477,"comment_status":"open","ping_status":"closed","sticky":false,"template":"","format":"standard","meta":{"_acf_changed":false,"_monsterinsights_skip_tracking":false,"_monsterinsights_sitenote_active":false,"_monsterinsights_sitenote_note":"","_monsterinsights_sitenote_category":0,"footnotes":""},"categories":[4],"tags":[],"class_list":["post-476","post","type-post","status-publish","format-standard","has-post-thumbnail","hentry","category-noticias"],"acf":[],"publishpress_future_action":{"enabled":false,"date":"2026-05-05 10:56:45","action":"change-status","newStatus":"draft","terms":[],"taxonomy":"category","extraData":[]},"publishpress_future_workflow_manual_trigger":{"enabledWorkflows":[]},"_links":{"self":[{"href":"https:\/\/hospitaldechillan.cl\/web\/wp-json\/wp\/v2\/posts\/476","targetHints":{"allow":["GET"]}}],"collection":[{"href":"https:\/\/hospitaldechillan.cl\/web\/wp-json\/wp\/v2\/posts"}],"about":[{"href":"https:\/\/hospitaldechillan.cl\/web\/wp-json\/wp\/v2\/types\/post"}],"author":[{"embeddable":true,"href":"https:\/\/hospitaldechillan.cl\/web\/wp-json\/wp\/v2\/users\/2"}],"replies":[{"embeddable":true,"href":"https:\/\/hospitaldechillan.cl\/web\/wp-json\/wp\/v2\/comments?post=476"}],"version-history":[{"count":0,"href":"https:\/\/hospitaldechillan.cl\/web\/wp-json\/wp\/v2\/posts\/476\/revisions"}],"wp:featuredmedia":[{"embeddable":true,"href":"https:\/\/hospitaldechillan.cl\/web\/wp-json\/wp\/v2\/media\/477"}],"wp:attachment":[{"href":"https:\/\/hospitaldechillan.cl\/web\/wp-json\/wp\/v2\/media?parent=476"}],"wp:term":[{"taxonomy":"category","embeddable":true,"href":"https:\/\/hospitaldechillan.cl\/web\/wp-json\/wp\/v2\/categories?post=476"},{"taxonomy":"post_tag","embeddable":true,"href":"https:\/\/hospitaldechillan.cl\/web\/wp-json\/wp\/v2\/tags?post=476"}],"curies":[{"name":"wp","href":"https:\/\/api.w.org\/{rel}","templated":true}]}}