{"id":464,"date":"2014-07-07T20:20:39","date_gmt":"2014-07-08T00:20:39","guid":{"rendered":"http:\/\/hospitaldechillan.cl\/web\/?p=464"},"modified":"2014-08-15T20:21:32","modified_gmt":"2014-08-16T00:21:32","slug":"rossana-saavedra-difunde-su-disco-con-recital-dinamico-y-educativo-en-auditorio-del-hospital","status":"publish","type":"post","link":"https:\/\/hospitaldechillan.cl\/web\/rossana-saavedra-difunde-su-disco-con-recital-dinamico-y-educativo-en-auditorio-del-hospital\/","title":{"rendered":"Rossana Saavedra difunde su disco con recital din\u00e1mico y educativo en Auditorio del Hospital"},"content":{"rendered":"<p>Una de las m\u00e1s talentosas exponentes de jazz femenino en nuestro pa\u00eds, Rossana Saavedra, se present\u00f3 en el Auditorio Germ\u00e1n Villagr\u00e1n de nuestro Hospital, concierto que tuvo entrada liberada.<\/p>\n<p>La actividad, fue organizada por la Agrupaci\u00f3n Cultural Do\u00f1a Herminda, con el auspicio del Colegio M\u00e9dico de Chile.<\/p>\n<p>\u00c9sta fue la segunda vez que la artista se presenta en nuestra ciudad, pero la primera que lo hace de manera individual, ya que la anterior fue invitada a participar en actividad musical de colectivo de jazz.<\/p>\n<p>Rossana Saavedra mostr\u00f3 y difundir los \u00e9xitos de su primer disco \u201cRespiraci\u00f3n\u201d, de una manera din\u00e1mica. \u201cFue un concierto inclusivo, educativo, donde har\u00e9 un paseo por los distintos estilos del jazz, para m\u00ed en los conciertos es esencial que haya una fluida comunicaci\u00f3n con el p\u00fablico, que puede ser de diferentes edades desde ni\u00f1os peque\u00f1os, hasta adultos mayores y j\u00f3venes. Mi idea es que todo el p\u00fablico regrese a su casa feliz, que pasen un momento agradable\u201d.<\/p>\n<p>La artista se\u00f1al\u00f3 que para ella el Jazz se transform\u00f3 en un un lenguaje musical universal, porque hay mucha fusi\u00f3n, en la actualidad, con ra\u00edces latinoamericanas, lo que cautiva a p\u00fablicos muy diferenciados y de distintos grupos etarios. Rossana Saavedra a lo largo de la \u00faltima d\u00e9cada se ha hecho reconocida en el medio nacional y extranjero por su presentaci\u00f3n en festivales y eventos culturales, adem\u00e1s de sus frecuentes colaboraciones con artistas como Christian Galvez, Patricio Valderrama y Gondwana entre otros.<\/p>\n<p>El Director del Hospital, Dr. Rodrigo Avenda\u00f1o Brandeis resalt\u00f3 que \u201cel concierto de Rossana Saavedra fue una buena oportunidad para que todos los amantes de la m\u00fasica asistan a o\u00edr un buen espect\u00e1culo, de manera gratuita tal como se hace siempre que la Agrupaci\u00f3n Cultural Do\u00f1a Herminda organiza actividades de difusi\u00f3n art\u00edstica\u201d.<\/p>\n","protected":false},"excerpt":{"rendered":"<p>La exponente de Jazz nacional present\u00f3 su trabajo discogr\u00e1fico \u201cRespiraci\u00f3n\u201d e incluy\u00f3 distintos estilos musicales como el soul y el jazz, entre otros.<\/p>\n","protected":false},"author":2,"featured_media":465,"comment_status":"open","ping_status":"closed","sticky":false,"template":"","format":"standard","meta":{"_acf_changed":false,"_monsterinsights_skip_tracking":false,"_monsterinsights_sitenote_active":false,"_monsterinsights_sitenote_note":"","_monsterinsights_sitenote_category":0,"footnotes":""},"categories":[4],"tags":[],"class_list":["post-464","post","type-post","status-publish","format-standard","has-post-thumbnail","hentry","category-noticias"],"acf":[],"publishpress_future_action":{"enabled":false,"date":"2026-05-08 06:08:44","action":"change-status","newStatus":"draft","terms":[],"taxonomy":"category","extraData":[]},"publishpress_future_workflow_manual_trigger":{"enabledWorkflows":[]},"_links":{"self":[{"href":"https:\/\/hospitaldechillan.cl\/web\/wp-json\/wp\/v2\/posts\/464","targetHints":{"allow":["GET"]}}],"collection":[{"href":"https:\/\/hospitaldechillan.cl\/web\/wp-json\/wp\/v2\/posts"}],"about":[{"href":"https:\/\/hospitaldechillan.cl\/web\/wp-json\/wp\/v2\/types\/post"}],"author":[{"embeddable":true,"href":"https:\/\/hospitaldechillan.cl\/web\/wp-json\/wp\/v2\/users\/2"}],"replies":[{"embeddable":true,"href":"https:\/\/hospitaldechillan.cl\/web\/wp-json\/wp\/v2\/comments?post=464"}],"version-history":[{"count":0,"href":"https:\/\/hospitaldechillan.cl\/web\/wp-json\/wp\/v2\/posts\/464\/revisions"}],"wp:featuredmedia":[{"embeddable":true,"href":"https:\/\/hospitaldechillan.cl\/web\/wp-json\/wp\/v2\/media\/465"}],"wp:attachment":[{"href":"https:\/\/hospitaldechillan.cl\/web\/wp-json\/wp\/v2\/media?parent=464"}],"wp:term":[{"taxonomy":"category","embeddable":true,"href":"https:\/\/hospitaldechillan.cl\/web\/wp-json\/wp\/v2\/categories?post=464"},{"taxonomy":"post_tag","embeddable":true,"href":"https:\/\/hospitaldechillan.cl\/web\/wp-json\/wp\/v2\/tags?post=464"}],"curies":[{"name":"wp","href":"https:\/\/api.w.org\/{rel}","templated":true}]}}