{"id":461,"date":"2014-07-02T20:19:23","date_gmt":"2014-07-03T00:19:23","guid":{"rendered":"http:\/\/hospitaldechillan.cl\/web\/?p=461"},"modified":"2014-08-15T20:20:26","modified_gmt":"2014-08-16T00:20:26","slug":"especialistas-llaman-a-prevenir-el-contagio-de-enfermedades-respiratorias","status":"publish","type":"post","link":"https:\/\/hospitaldechillan.cl\/web\/especialistas-llaman-a-prevenir-el-contagio-de-enfermedades-respiratorias\/","title":{"rendered":"Especialistas llaman a prevenir el contagio de enfermedades respiratorias"},"content":{"rendered":"<p>Con la llegada del invierno, la disminuci\u00f3n brusca de la temperatura, el aumento de la humedad y de los virus circulantes, se produce un aumento tambi\u00e9n de las consultas respiratorias en los grupos m\u00e1s vulnerables como son los ni\u00f1os menores de edad, por lo que las autoridades de salud llaman a prevenir el contagio de estas patolog\u00edas.<\/p>\n<p>El Dr. Oscar Ramos, jefe de la Unidad de Emergencia del Hospital Cl\u00ednico Herminda Martin recalc\u00f3 que \u201clo principal para evitar los contagios es prevenir evitando acudir a lugares muy concurridos y con alta aglomeraci\u00f3n de p\u00fablico, donde f\u00e1cilmente las personas y en especial los ni\u00f1os, pueden contagiarse alg\u00fan virus respiratorio. Otras recomendaciones b\u00e1sicas y muy importantes son el frecuente lavado de manos, cubrirse la boca con el antebrazo al estornudar y ventilar peri\u00f3dicamente los hogares, sobre todo en aquellos en que la calefacci\u00f3n tiene fuentes de combusti\u00f3n interna, como las estufas a parafina, gas o braseros\u201d.<\/p>\n<p>Durante la semana pasada se registr\u00f3 un leve aumento en las consultas por causas respiratorias de menores de 15 a\u00f1os, (22 al 28 de junio) alcanzando un 58% de las atenciones brindadas en la Unidad de Emergencia, la que durante la semana previa, se lleg\u00f3 al 57,2%.<\/p>\n<p>En tanto, en el grupo etario de mayores de 15 a\u00f1os, el porcentaje de consultas respiratorias aumento de 8,4%, la semana del 15 al 21 de junio, a 9,3% la semana reci\u00e9n pasada.<\/p>\n<p>El Dr. Ramos enfatiz\u00f3 que \u201ces importante que ante los primeros s\u00edntomas en los ni\u00f1os como el aumento de secreci\u00f3n nasal, tos o fiebre, lo mejor es no acudir a lugares muy concurridos que pueden agravar los cuadros respiratorios y asistir a los Consultorios o Sapus correspondiente seg\u00fan su domicilio. S\u00f3lo en el caso de que los s\u00edntomas persistan, por ejemplo, la fiebre por m\u00e1s de tres d\u00edas, dificultad respiratoria manifestado en aleteo nasal y hundimiento de la zona tor\u00e1cica (bajo las costillas), deben ser motivo de consulta en un servicio de urgencia\u201d.<\/p>\n","protected":false},"excerpt":{"rendered":"<p>Entre las principales recomendaciones, se encuentra evitar concurrir a lugares muy concurridos de gente, lavarse frecuentemente las manos, cubrirse la boca con el antebrazo al estornudar y toser y ventilar los hogares peri\u00f3dicamente.<\/p>\n","protected":false},"author":2,"featured_media":462,"comment_status":"open","ping_status":"closed","sticky":false,"template":"","format":"standard","meta":{"_acf_changed":false,"_monsterinsights_skip_tracking":false,"_monsterinsights_sitenote_active":false,"_monsterinsights_sitenote_note":"","_monsterinsights_sitenote_category":0,"footnotes":""},"categories":[4],"tags":[],"class_list":["post-461","post","type-post","status-publish","format-standard","has-post-thumbnail","hentry","category-noticias"],"acf":[],"publishpress_future_action":{"enabled":false,"date":"2026-05-06 19:20:35","action":"change-status","newStatus":"draft","terms":[],"taxonomy":"category","extraData":[]},"publishpress_future_workflow_manual_trigger":{"enabledWorkflows":[]},"_links":{"self":[{"href":"https:\/\/hospitaldechillan.cl\/web\/wp-json\/wp\/v2\/posts\/461","targetHints":{"allow":["GET"]}}],"collection":[{"href":"https:\/\/hospitaldechillan.cl\/web\/wp-json\/wp\/v2\/posts"}],"about":[{"href":"https:\/\/hospitaldechillan.cl\/web\/wp-json\/wp\/v2\/types\/post"}],"author":[{"embeddable":true,"href":"https:\/\/hospitaldechillan.cl\/web\/wp-json\/wp\/v2\/users\/2"}],"replies":[{"embeddable":true,"href":"https:\/\/hospitaldechillan.cl\/web\/wp-json\/wp\/v2\/comments?post=461"}],"version-history":[{"count":0,"href":"https:\/\/hospitaldechillan.cl\/web\/wp-json\/wp\/v2\/posts\/461\/revisions"}],"wp:featuredmedia":[{"embeddable":true,"href":"https:\/\/hospitaldechillan.cl\/web\/wp-json\/wp\/v2\/media\/462"}],"wp:attachment":[{"href":"https:\/\/hospitaldechillan.cl\/web\/wp-json\/wp\/v2\/media?parent=461"}],"wp:term":[{"taxonomy":"category","embeddable":true,"href":"https:\/\/hospitaldechillan.cl\/web\/wp-json\/wp\/v2\/categories?post=461"},{"taxonomy":"post_tag","embeddable":true,"href":"https:\/\/hospitaldechillan.cl\/web\/wp-json\/wp\/v2\/tags?post=461"}],"curies":[{"name":"wp","href":"https:\/\/api.w.org\/{rel}","templated":true}]}}