{"id":4533,"date":"2018-05-25T15:50:49","date_gmt":"2018-05-25T19:50:49","guid":{"rendered":"http:\/\/hospitaldechillan.cl\/web\/?p=4533"},"modified":"2018-05-25T15:50:49","modified_gmt":"2018-05-25T19:50:49","slug":"aprenda-a-prevenir-y-detectar-el-cancer-colorrectal","status":"publish","type":"post","link":"https:\/\/hospitaldechillan.cl\/web\/aprenda-a-prevenir-y-detectar-el-cancer-colorrectal\/","title":{"rendered":"Aprenda a prevenir y detectar el C\u00e1ncer Colorrectal"},"content":{"rendered":"<p>El<a href=\"https:\/\/hospitaldechillan.cl\/web\/colon-interactivo-llega-a-chillan-para-educar-sobre-el-cancer-colorrectal\/\" target=\"_blank\"><strong> Colon Interactivo<\/strong><\/a> m\u00e1s grande de Sudam\u00e9rica lleg\u00f3 hasta el tercer piso del Mall Arauco Chill\u00e1n, lugar donde las familias desde hoy y hasta el domingo 27 de mayo podr\u00e1n participar de diversas actividades destinadas a entregar recomendaciones sobre la <strong>prevenci\u00f3n\u00a0 y detecci\u00f3n precoz del c\u00e1ncer colorrectal<\/strong>.<\/p>\n<p>El programa del fin de semana contemplar\u00e1 recorridos guiados por profesionales de salud, quines efectuar\u00e1n charlas, exhibir\u00e1n videos educativos. Tambi\u00e9n se realizar\u00e1n concursos y se entregar\u00e1n premios para quienes participen de la iniciativa\u00a0que forma parte del <strong>Programa de Prevenci\u00f3n de Neoplasias Colorrectales (PRENEC) de Cl\u00ednica Las Condes y es patrocinada por el Servicio de Salud \u00d1uble y del Hospital Cl\u00ednico Herminda Mart\u00edn.<\/strong><\/p>\n<p>En la primera visita al Colon, que se ha presentado en seis ciudades de nuestro pa\u00eds, participaron autoridades locales, ocasi\u00f3n donde el\u00a0Director (s) del <a href=\"http:\/\/www.serviciodesaludnuble.cl\/sitio\/\" target=\"_blank\">Servicio de Salud \u00d1uble<\/a>,\u00a0Ricardo S\u00e1nchez Opazo,\u00a0 explic\u00f3 que \u201cqueremos informar de una manera did\u00e1ctica y muy gr\u00e1fica, sobre aquellos factores que inciden en la aparici\u00f3n del <a href=\"https:\/\/www.dropbox.com\/s\/30778ntia5rfcdn\/Volante%20-%20C%C3%A1ncer%20Colorrectal%20%28AI%29%20-.pdf?dl=0\" target=\"_blank\">c\u00e1ncer colorrectal<\/a> y de c\u00f3mo detectarlo de manera temprana.\u00a0Durante 2017, se diagnosticaron 129 casos de esta enfermedad y fue responsable de 23 fallecimientos a nivel local\u201d.<\/p>\n<h2>\u00bfQu\u00e9 es el c\u00e1ncer colorrectal?<\/h2>\n<p>Esta enfermedad\u00a0es un tumor maligno que se forma en el revestimiento del intestino grueso o en el recto que afecta tanto a hombres como mujeres mayores siendo m\u00e1s comunes en la poblaci\u00f3n sobre 50 a\u00f1os.<\/p>\n<p>El Dr. William Senler Becerra, Cirujano y M\u00e9dico Endoscopista del Hospital Cl\u00ednico Herminda Mart\u00edn de Chill\u00e1n (HCHM), puntualiz\u00f3 que: \u201cno es un mito que esta enfermedad es reflejo de sociedades industrializadas. Ya que Chile al mejorar sus est\u00e1ndares de vida ha adquirido costumbres propias de pa\u00edses\u00a0 desarrollados como el exceso de comida chatarra, la escasa actividad deportiva, el estr\u00e9s y el consumo de tabaco, lo que est\u00e1 demostrado que son factores de riesgo directamente relacionados con el <a href=\"http:\/\/serviciodesaludnuble.cl\/recursos\/auge80\/Auge_70.pdf\" target=\"_blank\">c\u00e1ncer de colon y recto<\/a>\u201d.<\/p>\n<p><img loading=\"lazy\" decoding=\"async\" class=\"alignnone size-medium wp-image-4539\" src=\"https:\/\/hospitaldechillan.cl\/web\/wp-content_Hos\/uploads\/2018\/05\/Foto-de-Colon-Interactivo-en-Chill\u00e1n-640x360.jpg\" alt=\"Foto de Colon Interactivo en Chill\u00e1n\" width=\"640\" height=\"360\" srcset=\"https:\/\/hospitaldechillan.cl\/web\/wp-content\/uploads\/2018\/05\/Foto-de-Colon-Interactivo-en-Chill\u00e1n-640x360.jpg 640w, https:\/\/hospitaldechillan.cl\/web\/wp-content\/uploads\/2018\/05\/Foto-de-Colon-Interactivo-en-Chill\u00e1n-768x432.jpg 768w, https:\/\/hospitaldechillan.cl\/web\/wp-content\/uploads\/2018\/05\/Foto-de-Colon-Interactivo-en-Chill\u00e1n-1200x675.jpg 1200w, https:\/\/hospitaldechillan.cl\/web\/wp-content\/uploads\/2018\/05\/Foto-de-Colon-Interactivo-en-Chill\u00e1n.jpg 1600w\" sizes=\"auto, (max-width: 640px) 100vw, 640px\" \/><\/p>\n<h2>S\u00edntomas:<\/h2>\n<ul>\n<li>Diarrea o estre\u00f1imiento<\/li>\n<li>Sensaci\u00f3n que su intestino no se vac\u00eda por completo<\/li>\n<li>Sangre en las heces (ya sea muy roja y brillante o muy oscura)<\/li>\n<li>Heces m\u00e1s delgadas de lo normal<\/li>\n<li>Dolores o calambres frecuentes por gases, o sensaci\u00f3n de llenura o hinchaz\u00f3n<\/li>\n<li>P\u00e9rdida de peso sin raz\u00f3n conocida<\/li>\n<li>Fatiga<\/li>\n<li>N\u00e1useas o v\u00f3mitos<\/li>\n<\/ul>\n<p><strong>Para disminuir el riesgo de desarrollar este tipo de c\u00e1ncer<\/strong>, el Doctor Senler recomend\u00f3:<\/p>\n<ul>\n<li>Realizar actividad f\u00edsica; caminar a paso r\u00e1pido m\u00ednimo 30 minutos al d\u00eda.<\/li>\n<li>Evitar consumir frituras y alimentos altos en grasas como cecinas y mayonesa.<\/li>\n<li>Disminuir la ingesta de alcohol y no fumar.<\/li>\n<li>Comer al menos 2 platos de verduras y 3 frutas frescas de distintos colores al d\u00eda.<\/li>\n<li>Consumir legumbres al menos 2 veces por semana, sin mezclarlas con cecinas.<\/li>\n<li>Tomar entre 6 a 8 vasos de agua al d\u00eda.<\/li>\n<li>Observar sus deposiciones para detectar cambios en la forma, frecuencia y consistencia para consultar a tiempo con un m\u00e9dico.<\/li>\n<\/ul>\n","protected":false},"excerpt":{"rendered":"<p>El Colon Interactivo m\u00e1s grande de Sudam\u00e9rica lleg\u00f3 hasta el tercer piso del Mall Arauco Chill\u00e1n, lugar donde las familias desde hoy y hasta el domingo 27 de mayo podr\u00e1n participar de diversas actividades destinadas a entregar recomendaciones sobre la prevenci\u00f3n\u00a0 y detecci\u00f3n precoz del c\u00e1ncer colorrectal. El programa del fin de semana contemplar\u00e1 recorridos [&hellip;]<\/p>\n","protected":false},"author":3,"featured_media":4537,"comment_status":"open","ping_status":"closed","sticky":false,"template":"","format":"standard","meta":{"_acf_changed":false,"_monsterinsights_skip_tracking":false,"_monsterinsights_sitenote_active":false,"_monsterinsights_sitenote_note":"","_monsterinsights_sitenote_category":0,"footnotes":""},"categories":[4],"tags":[],"class_list":["post-4533","post","type-post","status-publish","format-standard","has-post-thumbnail","hentry","category-noticias"],"acf":[],"publishpress_future_action":{"enabled":false,"date":"2026-05-05 07:35:48","action":"change-status","newStatus":"draft","terms":[],"taxonomy":"category","extraData":[]},"publishpress_future_workflow_manual_trigger":{"enabledWorkflows":[]},"_links":{"self":[{"href":"https:\/\/hospitaldechillan.cl\/web\/wp-json\/wp\/v2\/posts\/4533","targetHints":{"allow":["GET"]}}],"collection":[{"href":"https:\/\/hospitaldechillan.cl\/web\/wp-json\/wp\/v2\/posts"}],"about":[{"href":"https:\/\/hospitaldechillan.cl\/web\/wp-json\/wp\/v2\/types\/post"}],"author":[{"embeddable":true,"href":"https:\/\/hospitaldechillan.cl\/web\/wp-json\/wp\/v2\/users\/3"}],"replies":[{"embeddable":true,"href":"https:\/\/hospitaldechillan.cl\/web\/wp-json\/wp\/v2\/comments?post=4533"}],"version-history":[{"count":0,"href":"https:\/\/hospitaldechillan.cl\/web\/wp-json\/wp\/v2\/posts\/4533\/revisions"}],"wp:featuredmedia":[{"embeddable":true,"href":"https:\/\/hospitaldechillan.cl\/web\/wp-json\/wp\/v2\/media\/4537"}],"wp:attachment":[{"href":"https:\/\/hospitaldechillan.cl\/web\/wp-json\/wp\/v2\/media?parent=4533"}],"wp:term":[{"taxonomy":"category","embeddable":true,"href":"https:\/\/hospitaldechillan.cl\/web\/wp-json\/wp\/v2\/categories?post=4533"},{"taxonomy":"post_tag","embeddable":true,"href":"https:\/\/hospitaldechillan.cl\/web\/wp-json\/wp\/v2\/tags?post=4533"}],"curies":[{"name":"wp","href":"https:\/\/api.w.org\/{rel}","templated":true}]}}