{"id":4417,"date":"2018-05-08T15:06:40","date_gmt":"2018-05-08T19:06:40","guid":{"rendered":"http:\/\/hospitaldechillan.cl\/web\/?p=4417"},"modified":"2018-05-08T16:05:11","modified_gmt":"2018-05-08T20:05:11","slug":"mas-de-30-ninos-fueron-premiados-en-concurso-de-dibujo-sobre-el-lavado-de-manos","status":"publish","type":"post","link":"https:\/\/hospitaldechillan.cl\/web\/mas-de-30-ninos-fueron-premiados-en-concurso-de-dibujo-sobre-el-lavado-de-manos\/","title":{"rendered":"M\u00e1s de 30 ni\u00f1os fueron premiados en Concurso de dibujo sobre el lavado de manos"},"content":{"rendered":"<p>32 participantes fueron galardonados en la <strong>tercera versi\u00f3n del concurso de dibujo sobre el Lavado de manos<\/strong>, organizado por el Programa de Control de Infecciones del Hospital Cl\u00ednico Herminda Mart\u00edn.<br \/>\nEn esta ocasi\u00f3n, <a href=\"https:\/\/hospitaldechillan.cl\/web\/con-ludico-concurso-de-dibujos-hospital-promovio-la-higiene-de-manos\/\">al igual que en a\u00f1os anteriores<\/a>, concursaron tanto los usuarios del hospital como los hijos o familiares de funcionarios de edades entre los 10 meses hasta los 13 a\u00f1os, quienes plasmaron en la hoja de block sus ideas respecto la higiene y el lavado de sus manos, recibiendo diversos premios a su creatividad.<\/p>\n<p>&nbsp;<\/p>\n<p><img loading=\"lazy\" decoding=\"async\" class=\"alignnone size-medium wp-image-4422\" src=\"https:\/\/hospitaldechillan.cl\/web\/wp-content_Hos\/uploads\/2018\/05\/Ni\u00f1a-premiada-en-Concurso-sobre-lavado-de-manos-1-640x360.jpg\" alt=\"Ni\u00f1a premiada en Concurso sobre lavado de manos\" width=\"640\" height=\"360\" srcset=\"https:\/\/hospitaldechillan.cl\/web\/wp-content\/uploads\/2018\/05\/Ni\u00f1a-premiada-en-Concurso-sobre-lavado-de-manos-1-640x360.jpg 640w, https:\/\/hospitaldechillan.cl\/web\/wp-content\/uploads\/2018\/05\/Ni\u00f1a-premiada-en-Concurso-sobre-lavado-de-manos-1-768x432.jpg 768w, https:\/\/hospitaldechillan.cl\/web\/wp-content\/uploads\/2018\/05\/Ni\u00f1a-premiada-en-Concurso-sobre-lavado-de-manos-1-1200x675.jpg 1200w, https:\/\/hospitaldechillan.cl\/web\/wp-content\/uploads\/2018\/05\/Ni\u00f1a-premiada-en-Concurso-sobre-lavado-de-manos-1.jpg 1600w\" sizes=\"auto, (max-width: 640px) 100vw, 640px\" \/><br \/>\nIgnacio Palma Roa de 6 a\u00f1os es uno de los usuarios del Hospital que particip\u00f3 del concurso. Cada fin de mes se interna en el servicio de Pediatr\u00eda, para recibir tratamiento contra la enfermedad que le diagnosticaron en noviembre de 2017. \u201cA su corta edad, \u00e9l sabe que el lavado de manos es fundamental para no contagiarse de muchas enfermedades y por eso quiso participar de esta actividad contando su experiencia y cuidados\u201d, cont\u00f3 su madre Teresa Roa Reyes.<\/p>\n<h2>\u00bfQu\u00e9 es la higiene o lavado de manos y por qu\u00e9 es importante?<\/h2>\n<p>La <a href=\"http:\/\/www.who.int\/gpsc\/5may\/poster2018_ES.pdf?ua=1\">Higiene de manos<\/a> es un h\u00e1bito que previene el contagio de enfermedades e infecciones y en ocasiones puede salvar vidas. Por esto, desde el 2009 se conmemora en mayo, con el prop\u00f3sito de mejorar este aspecto en la atenci\u00f3n de salud y as\u00ed reducir las infecciones asociadas a ella.<\/p>\n","protected":false},"excerpt":{"rendered":"<p>32 participantes fueron galardonados en la tercera versi\u00f3n del concurso de dibujo sobre el Lavado de manos, organizado por el Programa de Control de Infecciones del Hospital Cl\u00ednico Herminda Mart\u00edn. En esta ocasi\u00f3n, al igual que en a\u00f1os anteriores, concursaron tanto los usuarios del hospital como los hijos o familiares de funcionarios de edades entre [&hellip;]<\/p>\n","protected":false},"author":3,"featured_media":4419,"comment_status":"open","ping_status":"closed","sticky":false,"template":"","format":"standard","meta":{"_acf_changed":false,"_monsterinsights_skip_tracking":false,"_monsterinsights_sitenote_active":false,"_monsterinsights_sitenote_note":"","_monsterinsights_sitenote_category":0,"footnotes":""},"categories":[4],"tags":[],"class_list":["post-4417","post","type-post","status-publish","format-standard","has-post-thumbnail","hentry","category-noticias"],"acf":[],"publishpress_future_action":{"enabled":false,"date":"2026-05-10 05:59:36","action":"change-status","newStatus":"draft","terms":[],"taxonomy":"category","extraData":[]},"publishpress_future_workflow_manual_trigger":{"enabledWorkflows":[]},"_links":{"self":[{"href":"https:\/\/hospitaldechillan.cl\/web\/wp-json\/wp\/v2\/posts\/4417","targetHints":{"allow":["GET"]}}],"collection":[{"href":"https:\/\/hospitaldechillan.cl\/web\/wp-json\/wp\/v2\/posts"}],"about":[{"href":"https:\/\/hospitaldechillan.cl\/web\/wp-json\/wp\/v2\/types\/post"}],"author":[{"embeddable":true,"href":"https:\/\/hospitaldechillan.cl\/web\/wp-json\/wp\/v2\/users\/3"}],"replies":[{"embeddable":true,"href":"https:\/\/hospitaldechillan.cl\/web\/wp-json\/wp\/v2\/comments?post=4417"}],"version-history":[{"count":0,"href":"https:\/\/hospitaldechillan.cl\/web\/wp-json\/wp\/v2\/posts\/4417\/revisions"}],"wp:featuredmedia":[{"embeddable":true,"href":"https:\/\/hospitaldechillan.cl\/web\/wp-json\/wp\/v2\/media\/4419"}],"wp:attachment":[{"href":"https:\/\/hospitaldechillan.cl\/web\/wp-json\/wp\/v2\/media?parent=4417"}],"wp:term":[{"taxonomy":"category","embeddable":true,"href":"https:\/\/hospitaldechillan.cl\/web\/wp-json\/wp\/v2\/categories?post=4417"},{"taxonomy":"post_tag","embeddable":true,"href":"https:\/\/hospitaldechillan.cl\/web\/wp-json\/wp\/v2\/tags?post=4417"}],"curies":[{"name":"wp","href":"https:\/\/api.w.org\/{rel}","templated":true}]}}