{"id":4314,"date":"2018-04-11T09:04:51","date_gmt":"2018-04-11T13:04:51","guid":{"rendered":"http:\/\/hospitaldechillan.cl\/web\/?p=4314"},"modified":"2018-04-11T09:04:51","modified_gmt":"2018-04-11T13:04:51","slug":"terapia-complementaria-apoya-tratamientos-de-usuarios-oncologicos","status":"publish","type":"post","link":"https:\/\/hospitaldechillan.cl\/web\/terapia-complementaria-apoya-tratamientos-de-usuarios-oncologicos\/","title":{"rendered":"Terapia complementaria apoya tratamientos de usuarios oncol\u00f3gicos"},"content":{"rendered":"<p>Con el prop\u00f3sito de contribuir con la mejora de los usuarios que se encuentran en tratamiento oncol\u00f3gico, una novedosa terapia de armonizaci\u00f3n energ\u00e9tica, tambi\u00e9n conocida como \u2018terapia del amor\u2019, complementa la medicina tradicional entregando fuerza y paz a los pacientes.<\/p>\n<p>La iniciativa se desarrolla desde 2005 en el recinto asistencial y que tuvo asidero en el Servicio de Neurolog\u00eda, cada a\u00f1o genera mayor inter\u00e9s tanto por los usuarios como por los funcionarios, pues seg\u00fan explic\u00f3 la terapeuta Vivianne Le Roy, la t\u00e9cnica busca el equilibrio y la armon\u00eda a nivel emocional y mental mediante la imposici\u00f3n de manos sobre los puntos energ\u00e9ticos o chacras trabajando sobre tres cuerpos, el f\u00edsico, el et\u00e9reo; que es la energ\u00eda que envuelve el cuerpo y el astral; elemento intermedio entre el alma y lo f\u00edsico.<\/p>\n<p>\u201cDurante 13 a\u00f1os hemos trabajado con pacientes y usuarios del Servicio de Pediatr\u00eda, del Policl\u00ednico del Personal y desde el a\u00f1o pasado estamos atendiendo en la Unidad de Oncolog\u00eda. La terapia busca abrir los chacras, que generalmente est\u00e1n cerrados por diversas experiencias negativas asociadas a tristezas, dolores o estr\u00e9s, luego se nutren estos puntos entregando energ\u00eda y en definitiva amor\u201d, coment\u00f3.<\/p>\n<p>Una de las ocho usuarias que en promedio se atienden en la Unidad de Oncolog\u00eda, Ana Gonz\u00e1lez Garrido, valor\u00f3 la iniciativa, pues seg\u00fan expres\u00f3 \u201casistir a las sesiones me ha ayudado mucho para enfrentar mi c\u00e1ncer de colon, pues gracias a la terapia encontr\u00e9 tranquilidad y paz, lo que me tiene muy contenta ya que sin duda contribuye a recibir de mejor manera mi tratamiento. Uno siempre debe estar dispuesta a recibir todo tipo de ayuda, en mi caso lleg\u00f3 a tiempo y agradezco la iniciativa\u201d.<\/p>\n<p>El equipo conformado por tres terapeutas atiende de 14 a 17 horas los d\u00edas martes en la Unidad de Oncolog\u00eda y los jueves en el Servicio de Pediatr\u00eda.<\/p>\n","protected":false},"excerpt":{"rendered":"<p>Mediante la imposici\u00f3n de manos sobre los puntos energ\u00e9ticos del cuerpo, la t\u00e9cnica busca el equilibrio y la armon\u00eda emocional y mental de los pacientes.<\/p>\n","protected":false},"author":3,"featured_media":4315,"comment_status":"open","ping_status":"closed","sticky":false,"template":"","format":"standard","meta":{"_acf_changed":false,"_monsterinsights_skip_tracking":false,"_monsterinsights_sitenote_active":false,"_monsterinsights_sitenote_note":"","_monsterinsights_sitenote_category":0,"footnotes":""},"categories":[4],"tags":[],"class_list":["post-4314","post","type-post","status-publish","format-standard","has-post-thumbnail","hentry","category-noticias"],"acf":[],"publishpress_future_action":{"enabled":false,"date":"2026-05-08 15:54:47","action":"change-status","newStatus":"draft","terms":[],"taxonomy":"category","extraData":[]},"publishpress_future_workflow_manual_trigger":{"enabledWorkflows":[]},"_links":{"self":[{"href":"https:\/\/hospitaldechillan.cl\/web\/wp-json\/wp\/v2\/posts\/4314","targetHints":{"allow":["GET"]}}],"collection":[{"href":"https:\/\/hospitaldechillan.cl\/web\/wp-json\/wp\/v2\/posts"}],"about":[{"href":"https:\/\/hospitaldechillan.cl\/web\/wp-json\/wp\/v2\/types\/post"}],"author":[{"embeddable":true,"href":"https:\/\/hospitaldechillan.cl\/web\/wp-json\/wp\/v2\/users\/3"}],"replies":[{"embeddable":true,"href":"https:\/\/hospitaldechillan.cl\/web\/wp-json\/wp\/v2\/comments?post=4314"}],"version-history":[{"count":0,"href":"https:\/\/hospitaldechillan.cl\/web\/wp-json\/wp\/v2\/posts\/4314\/revisions"}],"wp:featuredmedia":[{"embeddable":true,"href":"https:\/\/hospitaldechillan.cl\/web\/wp-json\/wp\/v2\/media\/4315"}],"wp:attachment":[{"href":"https:\/\/hospitaldechillan.cl\/web\/wp-json\/wp\/v2\/media?parent=4314"}],"wp:term":[{"taxonomy":"category","embeddable":true,"href":"https:\/\/hospitaldechillan.cl\/web\/wp-json\/wp\/v2\/categories?post=4314"},{"taxonomy":"post_tag","embeddable":true,"href":"https:\/\/hospitaldechillan.cl\/web\/wp-json\/wp\/v2\/tags?post=4314"}],"curies":[{"name":"wp","href":"https:\/\/api.w.org\/{rel}","templated":true}]}}