{"id":4300,"date":"2018-03-15T10:37:58","date_gmt":"2018-03-15T14:37:58","guid":{"rendered":"http:\/\/hospitaldechillan.cl\/web\/?p=4300"},"modified":"2018-03-19T10:39:28","modified_gmt":"2018-03-19T14:39:28","slug":"dialogo-ciudadano-detallo-temas-que-la-comunidad-quiere-conocer-en-la-cuenta-publica-de-la-gestion-2017","status":"publish","type":"post","link":"https:\/\/hospitaldechillan.cl\/web\/dialogo-ciudadano-detallo-temas-que-la-comunidad-quiere-conocer-en-la-cuenta-publica-de-la-gestion-2017\/","title":{"rendered":"Di\u00e1logo ciudadano detall\u00f3 temas que la comunidad quiere conocer en la cuenta p\u00fablica de la gesti\u00f3n 2017"},"content":{"rendered":"<p>Reconocer cu\u00e1les son las necesidades, preocupaciones y propuestas de la comunidad y sus instituciones es el principal objetivo del Di\u00e1logo Ciudadano, organizado por el Hospital Cl\u00ednico Herminda Mart\u00edn en la primera sesi\u00f3n del Consejo Consultivo de Usuarios de este a\u00f1o. A partir, de las ideas expuestas en la ocasi\u00f3n, el Establecimiento responder\u00e1 en la rendici\u00f3n de la cuenta p\u00fablica de la gesti\u00f3n 2017.<\/p>\n<p>Durante la instancia, los integrantes de las m\u00e1s de 35 instituciones que conforman el \u00f3rgano asesor de la Direcci\u00f3n hospitalaria, conversaron sobre los t\u00f3picos que les interesar\u00edan fuese abordados en el balance que da cuenta de la gesti\u00f3n que realiz\u00f3 el Hospital durante el a\u00f1o pasado.<\/p>\n<p>\u201cFue una actividad muy interesante porque como comunidad podemos abordar antes los temas que se presentar\u00e1n en la cuenta p\u00fablica y eso nos sirve como agrupaciones, que nos sentimos representados e incluidos en este ejercicio, porque sentimos que nos toman en cuenta\u201d, coment\u00f3 Mabel Parra, secretaria de la Agrupaci\u00f3n de Hemof\u00edlicos y enfermedades afines.<\/p>\n<p><img loading=\"lazy\" decoding=\"async\" class=\"alignnone size-medium wp-image-4303\" src=\"https:\/\/hospitaldechillan.cl\/web\/wp-content_Hos\/uploads\/2018\/03\/web-1-1-640x360.jpg\" alt=\"web 1\" width=\"640\" height=\"360\" srcset=\"https:\/\/hospitaldechillan.cl\/web\/wp-content\/uploads\/2018\/03\/web-1-1-640x360.jpg 640w, https:\/\/hospitaldechillan.cl\/web\/wp-content\/uploads\/2018\/03\/web-1-1-768x432.jpg 768w, https:\/\/hospitaldechillan.cl\/web\/wp-content\/uploads\/2018\/03\/web-1-1-1200x675.jpg 1200w, https:\/\/hospitaldechillan.cl\/web\/wp-content\/uploads\/2018\/03\/web-1-1.jpg 1600w\" sizes=\"auto, (max-width: 640px) 100vw, 640px\" \/><\/p>\n<p>La jefa de la sucursal de Fonasa en Chill\u00e1n, Pamela Torres, destac\u00f3 que \u201csiempre es un agrado participar y es un ejercicio ciudadano muy entretenido, son muy valiosos porque luego de ello podemos corroborar que si fueron considerados\u201d.<\/p>\n<p>En tanto, para Trinidad Venegas, quien es secretaria del servicio de Medicina\u00a0 y representante de los funcionarios del Hospital en el\u00a0 Consejo Consultivo de Usuarios, sostuvo que \u201cfue una metodolog\u00eda muy interesante la que se utiliz\u00f3, pues nos permite a nosotros como miembros del Establecimiento conocer lo que nuestros usuarios sienten, lo que les llama la atenci\u00f3n y tambi\u00e9n lo que les disgusta de la atenci\u00f3n que reciben, pudiendo transformarnos en nexos en la comunidad hospitalaria y traspasarles sus inquietudes\u201d.<\/p>\n<p>Al finalizar la actividad, el Director, Dr. Rodrigo Avenda\u00f1o Brandeis, resumi\u00f3 brevemente los t\u00f3picos que aportaron los integrantes del Consejo, agradeciendo su colaboraci\u00f3n en esta primera reuni\u00f3n, que sirve de hoja de ruta para preparar la rendici\u00f3n de la Cuenta P\u00fablica de la gesti\u00f3n de 2017.<\/p>\n","protected":false},"excerpt":{"rendered":"<p>Una interesante reuni\u00f3n en la que participaron integrantes del Consejo Consultivo de Usuarios, permiti\u00f3 conversar sobre  temas de salud que consideran m\u00e1s relevantes y de los que requieren mayor informaci\u00f3n. <\/p>\n","protected":false},"author":3,"featured_media":4302,"comment_status":"open","ping_status":"closed","sticky":false,"template":"","format":"standard","meta":{"_acf_changed":false,"_monsterinsights_skip_tracking":false,"_monsterinsights_sitenote_active":false,"_monsterinsights_sitenote_note":"","_monsterinsights_sitenote_category":0,"footnotes":""},"categories":[4],"tags":[],"class_list":["post-4300","post","type-post","status-publish","format-standard","has-post-thumbnail","hentry","category-noticias"],"acf":[],"publishpress_future_action":{"enabled":false,"date":"2026-05-08 16:00:34","action":"change-status","newStatus":"draft","terms":[],"taxonomy":"category","extraData":[]},"publishpress_future_workflow_manual_trigger":{"enabledWorkflows":[]},"_links":{"self":[{"href":"https:\/\/hospitaldechillan.cl\/web\/wp-json\/wp\/v2\/posts\/4300","targetHints":{"allow":["GET"]}}],"collection":[{"href":"https:\/\/hospitaldechillan.cl\/web\/wp-json\/wp\/v2\/posts"}],"about":[{"href":"https:\/\/hospitaldechillan.cl\/web\/wp-json\/wp\/v2\/types\/post"}],"author":[{"embeddable":true,"href":"https:\/\/hospitaldechillan.cl\/web\/wp-json\/wp\/v2\/users\/3"}],"replies":[{"embeddable":true,"href":"https:\/\/hospitaldechillan.cl\/web\/wp-json\/wp\/v2\/comments?post=4300"}],"version-history":[{"count":0,"href":"https:\/\/hospitaldechillan.cl\/web\/wp-json\/wp\/v2\/posts\/4300\/revisions"}],"wp:featuredmedia":[{"embeddable":true,"href":"https:\/\/hospitaldechillan.cl\/web\/wp-json\/wp\/v2\/media\/4302"}],"wp:attachment":[{"href":"https:\/\/hospitaldechillan.cl\/web\/wp-json\/wp\/v2\/media?parent=4300"}],"wp:term":[{"taxonomy":"category","embeddable":true,"href":"https:\/\/hospitaldechillan.cl\/web\/wp-json\/wp\/v2\/categories?post=4300"},{"taxonomy":"post_tag","embeddable":true,"href":"https:\/\/hospitaldechillan.cl\/web\/wp-json\/wp\/v2\/tags?post=4300"}],"curies":[{"name":"wp","href":"https:\/\/api.w.org\/{rel}","templated":true}]}}