{"id":423,"date":"2014-04-04T19:56:37","date_gmt":"2014-04-04T23:56:37","guid":{"rendered":"http:\/\/hospitaldechillan.cl\/web\/?p=423"},"modified":"2014-08-15T19:57:28","modified_gmt":"2014-08-15T23:57:28","slug":"hospital-de-chillan-realiza-exitosa-procuracion-de-organos","status":"publish","type":"post","link":"https:\/\/hospitaldechillan.cl\/web\/hospital-de-chillan-realiza-exitosa-procuracion-de-organos\/","title":{"rendered":"Hospital de Chill\u00e1n realiza exitosa procuraci\u00f3n de \u00f3rganos"},"content":{"rendered":"<p>La donante fue una mujer de 38 a\u00f1os, oriunda de Chill\u00e1n, quien ingres\u00f3 al establecimiento pasadas las 1 de la madrugada del jueves 3 de abril, manifestando s\u00edntomas de un accidente cerebro vascular grave. A pesar de los esfuerzos por salvar su vida, la gravedad de su cuadro cl\u00ednico determin\u00f3 su fallecimiento y transformaci\u00f3n en potencial donante.<\/p>\n<p>La Unidad de Procuraci\u00f3n de \u00f3rganos y tejidos, comenz\u00f3 as\u00ed el trabajo, constatando en primera instancia la muerte cerebral a las 15:45 hrs. del jueves, siguiendo el estricto protocolo que incluy\u00f3 la conversaci\u00f3n, acogida y autorizaci\u00f3n a la familia de la joven que hab\u00eda manifestado en vida su voluntad de ser donante. Durante el procedimiento que comenz\u00f3 cerca de la medianoche, se extrajeron pulmones, h\u00edgado, ri\u00f1ones y p\u00e1ncreas los que fueron derivados al sistema nacional de priorizaci\u00f3n de \u00f3rganos. La procuraci\u00f3n, que se extendi\u00f3 por m\u00e1s de cuatro horas, estuvo a cargo del equipo m\u00e9dico local, junto a profesionales provenientes desde los hospitales del T\u00f3rax y de la Universidad Cat\u00f3lica.<\/p>\n<p>\u201cJunto con entregar nuestro sentido p\u00e9same a la familia de la paciente, tambi\u00e9n agradecemos profundamente el gesto de respetar su voluntad de ser donante de \u00f3rganos, ya que de esta manera contribuimos a dar vida a otras personas que en muchas ocasiones est\u00e1n en largas listas de espera y adem\u00e1s damos un ejemplo al pa\u00eds en este tema tan relevante y sobre el que todos debemos conversar en vida que es manifestar nuestro deseo de ser donantes y que esta decisi\u00f3n se mantenga cuando la persona ya no est\u00e1 con vida y por ende, sin posibilidad de decidir\u201d, sostuvo el director del Hospital, Dr. Rodrigo Avenda\u00f1o.<\/p>\n","protected":false},"excerpt":{"rendered":"<p>La segunda procuraci\u00f3n m\u00faltiple de \u00f3rganos del 2014, se concret\u00f3 cerca de las 04:00 horas del viernes 4 de abril.<\/p>\n","protected":false},"author":2,"featured_media":424,"comment_status":"open","ping_status":"closed","sticky":false,"template":"","format":"standard","meta":{"_acf_changed":false,"_monsterinsights_skip_tracking":false,"_monsterinsights_sitenote_active":false,"_monsterinsights_sitenote_note":"","_monsterinsights_sitenote_category":0,"footnotes":""},"categories":[4],"tags":[],"class_list":["post-423","post","type-post","status-publish","format-standard","has-post-thumbnail","hentry","category-noticias"],"acf":[],"publishpress_future_action":{"enabled":false,"date":"2026-05-05 10:55:57","action":"change-status","newStatus":"draft","terms":[],"taxonomy":"category","extraData":[]},"publishpress_future_workflow_manual_trigger":{"enabledWorkflows":[]},"_links":{"self":[{"href":"https:\/\/hospitaldechillan.cl\/web\/wp-json\/wp\/v2\/posts\/423","targetHints":{"allow":["GET"]}}],"collection":[{"href":"https:\/\/hospitaldechillan.cl\/web\/wp-json\/wp\/v2\/posts"}],"about":[{"href":"https:\/\/hospitaldechillan.cl\/web\/wp-json\/wp\/v2\/types\/post"}],"author":[{"embeddable":true,"href":"https:\/\/hospitaldechillan.cl\/web\/wp-json\/wp\/v2\/users\/2"}],"replies":[{"embeddable":true,"href":"https:\/\/hospitaldechillan.cl\/web\/wp-json\/wp\/v2\/comments?post=423"}],"version-history":[{"count":0,"href":"https:\/\/hospitaldechillan.cl\/web\/wp-json\/wp\/v2\/posts\/423\/revisions"}],"wp:featuredmedia":[{"embeddable":true,"href":"https:\/\/hospitaldechillan.cl\/web\/wp-json\/wp\/v2\/media\/424"}],"wp:attachment":[{"href":"https:\/\/hospitaldechillan.cl\/web\/wp-json\/wp\/v2\/media?parent=423"}],"wp:term":[{"taxonomy":"category","embeddable":true,"href":"https:\/\/hospitaldechillan.cl\/web\/wp-json\/wp\/v2\/categories?post=423"},{"taxonomy":"post_tag","embeddable":true,"href":"https:\/\/hospitaldechillan.cl\/web\/wp-json\/wp\/v2\/tags?post=423"}],"curies":[{"name":"wp","href":"https:\/\/api.w.org\/{rel}","templated":true}]}}