{"id":420,"date":"2014-04-04T19:55:28","date_gmt":"2014-04-04T23:55:28","guid":{"rendered":"http:\/\/hospitaldechillan.cl\/web\/?p=420"},"modified":"2014-08-15T19:56:31","modified_gmt":"2014-08-15T23:56:31","slug":"hospital-de-chillan-y-ucsc-inician-programa-de-formacion-de-especialistas-en-anestesiologia-y-reanimacion","status":"publish","type":"post","link":"https:\/\/hospitaldechillan.cl\/web\/hospital-de-chillan-y-ucsc-inician-programa-de-formacion-de-especialistas-en-anestesiologia-y-reanimacion\/","title":{"rendered":"Hospital de Chill\u00e1n y UCSC inician Programa de formaci\u00f3n de especialistas en Anestesiolog\u00eda y Reanimaci\u00f3n"},"content":{"rendered":"<p>El Hospital Cl\u00ednico Herminda Mart\u00edn (HCHM) y la Universidad Cat\u00f3lica de la Sant\u00edsima Concepci\u00f3n (UCSC) oficializaron un convenio que permite iniciar el primer Programa de Postgrado en la Especialidad de Anestesia y Reanimaci\u00f3n dictado por el establecimiento asistencial, el que tendr\u00e1 una duraci\u00f3n de 3 a\u00f1os. En la oportunidad, estuvieron presentes el Decano de la Facultad de Medicina de la UCSC, Dr. Claudio Lermanda, el Director del Hospital, Dr. Rodrigo Avenda\u00f1o; el Director del Servicio de Salud \u00d1uble, Dr. Iv\u00e1n Paul y el Dr. Juan Carlos G\u00f3mez, coordinador del Proyecto.<\/p>\n<p>El programa, de formaci\u00f3n te\u00f3rico pr\u00e1ctica, comenz\u00f3 el pasado 15 de marzo con un Diplomado en Anestesia, dictado la Pontificia Universidad Cat\u00f3lica de Chile, y el 1 de abril en el HCHM, con jornadas pr\u00e1cticas. Este a\u00f1o, el programa est\u00e1 compuesto por tres Becados m\u00e9dicos egresados de la UCSC, Universidad San Sebasti\u00e1n y la Universidad de Barranquilla Colombia.<\/p>\n<p>El Director del Hospital, destac\u00f3 los beneficios de este programa de formaci\u00f3n, los que \u201csin lugar dudas, permitir\u00e1n mejorar el nivel de los conocimientos compartidos entre los profesionales formadores, compuesto por los 8 anestesistas del staff local, y el fortalecimiento del rol de Hospital Cl\u00ednico, otorg\u00e1ndole un mayor sentido al car\u00e1cter de centro docente asistencial, que con este proyecto permite implementar la formaci\u00f3n de postgrado. A su vez, existe un beneficio directo y concreto a los usuarios, lo que se logra con el mayor nivel de especializaci\u00f3n y la cantidad de anestesistas disponibles para los procedimientos quir\u00fargicos\u201d.<\/p>\n<p>El programa de formaci\u00f3n contempla dos \u00e9nfasis esenciales. El primero se relaciona con la instrucci\u00f3n de los becarios en el manejo de la v\u00eda a\u00e9rea dif\u00edcil, para lo cual la UCSC adquirir\u00e1 y repondr\u00e1 equipos necesarios para la ense\u00f1anza, que tienen un valor estimado de 25 millones de pesos y que estar\u00e1n disponibles en el HCHM entre abril y mayo de este a\u00f1o. Pero no s\u00f3lo es importante por el apoyo econ\u00f3mico sino que tambi\u00e9n porque es un hito para nuestro Hospital dictar en conjunto con la Casa de Estudios Superiores un programa como \u00e9ste.<\/p>\n<p>Asimismo el Dr. Avenda\u00f1o enfatiz\u00f3 en que \u201clos m\u00e9dicos becarios que iniciaron este programa de especializaci\u00f3n, suscribieron ante notario el compromiso de trabajar el doble de tiempo, es decir 6 a\u00f1os en los establecimientos pertenecientes a la Red del Servicio de Salud de \u00d1uble\u201d.<\/p>\n<p>El convenio no tiene una fecha de t\u00e9rmino, ya que est\u00e1 pensado a largo plazo lo que queda de manifiesto en las proyecciones de incluir el 2015 y 2016, tres becados m\u00e1s por cada a\u00f1o, antecedentes que ser\u00e1n evaluados por el Ministerio de Salud.<\/p>\n<p>Por su parte, el Dr. Iv\u00e1n Paul destac\u00f3 que con el desarrollo de iniciativas tan relevantes como la que se comenz\u00f3 a ejecutar en el Hospital de Chill\u00e1n, \u201cnos damos cuenta que la alianza estrat\u00e9gica con la Universidad Cat\u00f3lica de la Sant\u00edsima Concepci\u00f3n, que se extiende ya por m\u00e1s de 15 a\u00f1os, est\u00e1 rindiendo sus frutos y que ha sido un impulso para el desarrollo y el prestigio de las dos instituciones, por lo que estamos muy alegres de la decisi\u00f3n que adoptamos hace ya unos a\u00f1os\u201d.<\/p>\n<p>En tanto para la UCSC sin duda, los beneficios de la materializaci\u00f3n del Programa de Postgrado significa \u201cel cumplimiento de un sue\u00f1o, que como instituci\u00f3n nos permite avanzar hacia la consolidaci\u00f3n acad\u00e9mica y tambi\u00e9n en la investigaci\u00f3n. La instalaci\u00f3n de este programa de post t\u00edtulo m\u00e9dico es un hito para nosotros, el Hospital y la ciudad de Chill\u00e1n, creo que es un momento de festejo porque la instalaci\u00f3n de un programa acad\u00e9mico de esta complejidad y caracter\u00edsticas, tiene un alto sentido social que aporta a reducir la brecha de especialistas, es muy relevante y por eso destacamos el apoyo del Hospital, del Servicio de salud y de los equipos acad\u00e9micos, de anestesistas de este Hospital que se inicio hace un tiempo\u201d, asegur\u00f3 el Decano de la Facultad de Medicina, Dr Claudio Lermanda.<\/p>\n","protected":false},"excerpt":{"rendered":"<p>Iniciativa comenz\u00f3 el 1 de abril en el recinto asistencial y se extender\u00e1 por 3 a\u00f1os. En primera instancia, se formar\u00e1 a 3 m\u00e9dicos becarios, y es dictado por el staff de anestesistas del Hospital.<\/p>\n","protected":false},"author":2,"featured_media":421,"comment_status":"open","ping_status":"closed","sticky":false,"template":"","format":"standard","meta":{"_acf_changed":false,"_monsterinsights_skip_tracking":false,"_monsterinsights_sitenote_active":false,"_monsterinsights_sitenote_note":"","_monsterinsights_sitenote_category":0,"footnotes":""},"categories":[4],"tags":[],"class_list":["post-420","post","type-post","status-publish","format-standard","has-post-thumbnail","hentry","category-noticias"],"acf":[],"publishpress_future_action":{"enabled":false,"date":"2026-05-05 11:11:25","action":"change-status","newStatus":"draft","terms":[],"taxonomy":"category","extraData":[]},"publishpress_future_workflow_manual_trigger":{"enabledWorkflows":[]},"_links":{"self":[{"href":"https:\/\/hospitaldechillan.cl\/web\/wp-json\/wp\/v2\/posts\/420","targetHints":{"allow":["GET"]}}],"collection":[{"href":"https:\/\/hospitaldechillan.cl\/web\/wp-json\/wp\/v2\/posts"}],"about":[{"href":"https:\/\/hospitaldechillan.cl\/web\/wp-json\/wp\/v2\/types\/post"}],"author":[{"embeddable":true,"href":"https:\/\/hospitaldechillan.cl\/web\/wp-json\/wp\/v2\/users\/2"}],"replies":[{"embeddable":true,"href":"https:\/\/hospitaldechillan.cl\/web\/wp-json\/wp\/v2\/comments?post=420"}],"version-history":[{"count":0,"href":"https:\/\/hospitaldechillan.cl\/web\/wp-json\/wp\/v2\/posts\/420\/revisions"}],"wp:featuredmedia":[{"embeddable":true,"href":"https:\/\/hospitaldechillan.cl\/web\/wp-json\/wp\/v2\/media\/421"}],"wp:attachment":[{"href":"https:\/\/hospitaldechillan.cl\/web\/wp-json\/wp\/v2\/media?parent=420"}],"wp:term":[{"taxonomy":"category","embeddable":true,"href":"https:\/\/hospitaldechillan.cl\/web\/wp-json\/wp\/v2\/categories?post=420"},{"taxonomy":"post_tag","embeddable":true,"href":"https:\/\/hospitaldechillan.cl\/web\/wp-json\/wp\/v2\/tags?post=420"}],"curies":[{"name":"wp","href":"https:\/\/api.w.org\/{rel}","templated":true}]}}