{"id":414,"date":"2014-03-30T19:52:15","date_gmt":"2014-03-30T23:52:15","guid":{"rendered":"http:\/\/hospitaldechillan.cl\/web\/?p=414"},"modified":"2014-08-15T19:54:16","modified_gmt":"2014-08-15T23:54:16","slug":"masiva-colecta-movil-de-sangre-se-realizo-en-colegio-dario-salas","status":"publish","type":"post","link":"https:\/\/hospitaldechillan.cl\/web\/masiva-colecta-movil-de-sangre-se-realizo-en-colegio-dario-salas\/","title":{"rendered":"Masiva colecta m\u00f3vil de sangre se realiz\u00f3 en Colegio Dar\u00edo Salas"},"content":{"rendered":"<p>La Unidad de Medicina Transfusional del Hospital Cl\u00ednico Mart\u00edn realiz\u00f3 en el Colegio T\u00e9cnico Profesional una masiva colecta m\u00f3vil de sangre, en la cual participan alumnos, funcionarios y directivos. La iniciativa se desarroll\u00f3 el mi\u00e9rcoles 26 y jueves 27 de marzo desde las 8:30 hasta las 13:30 horas.<\/p>\n<p>Jaqueline Villa, orientadora del Colegio coment\u00f3 que \u201ccomo establecimiento colaboramos con esta loable acci\u00f3n, que implica pensar en las dem\u00e1s personas y ser solidarios y por eso desde hace a\u00f1os participamos en esta campa\u00f1a. Me complace y enorgullece saber que nuestro alumnado tuvo una excelente recepci\u00f3n, al igual que los directivos quienes nos entregan todo el apoyo que corresponde\u201d.<\/p>\n<p>Durante la primera jornada resalt\u00f3 la presencia del Director del establecimiento, Jaime Molina Merino quien colabora en cada colecta que se efect\u00faa en el Colegio. \u201cMe parece muy bien que se hagan este tipo de actividades, porque es muy necesario para la comunidad. Yo dono sangre, porque como Director debo dar el ejemplo en muchas cosas y \u00e9sta es una campa\u00f1a importante y solidaria, a la que todo el mundo deber\u00eda sumarse\u201d.<\/p>\n<p>El Tecn\u00f3logo M\u00e9dico de la Unidad de Medicina Transfusional, Sergio Becerra confirm\u00f3 que \u201cen ambas jornadas recibimos a 60 donantes alumnos, profesores, funcionarios administrativos y tambi\u00e9n directivos, lo que es muy destacable, porque no es algo que sea tan habitual y c\u00f3mo quedaron algunos alumnos por donar, se piensa realizar una nueva colecta presumiblemente en mayo\u201d.<\/p>\n<p>El Colegio T\u00e9cnico Profesional Dar\u00edo Salas est\u00e1 conformado por 48 cursos, de los cuales los alumnos de los 12 cuartos medios fueron el p\u00fablico objetivo de esta campa\u00f1a. Los estudiantes, como usualmente se hace, manifiestan su inter\u00e9s por participar en la campa\u00f1a y deben presentarse el d\u00eda de la donaci\u00f3n, con la autorizaci\u00f3n de los padres firmada. Ese fue el caso de Natalia Inostroza, alumna del cuarto medio E del colegio, quien fue por primera vez donante. \u201cLa donaci\u00f3n es un buen gesto para ayudar a la gente, ya que todos podemos requerir de este vital componente en cualquier minuto de nuestras vidas, por alg\u00fan accidente o cualquier enfermedad\u201d, acot\u00f3 la estudiante.<\/p>\n<p>En cambio, Antonieta Berrocal secretaria del colegio, es donante de repetici\u00f3n, porque ha donado en varias oportunidades. \u201cHe donado sangre tanto en las colectas m\u00f3viles, como en el Hospital, porque s\u00e9 cuanto cuesta conseguir donantes voluntarios cuando un familiar requiere una transfusi\u00f3n sangu\u00ednea, por eso creo que este tipo de campa\u00f1as son muy positivas ya que permiten crear conciencia en los j\u00f3venes sobre lo importante que es que el Banco cuente con la cantidad de sangre suficiente en caso de emergencias\u201d, destac\u00f3.<\/p>\n<h3>Calendario de colectas M\u00f3viles en Abril<\/h3>\n<p>La Unidad de Medicina Transfusional de nuestro Hospital durante el 2013 realiz\u00f3 60 colectas m\u00f3viles que arrojaron 1411 donaciones de Sangre. Para el 2014, se tiene preparado un calendario con las diferentes instituciones que usualmente contribuyen. \u201cSi bien, tenemos el calendario confeccionado, nosotros con una semana de anticipaci\u00f3n nos coordinamos con las instituciones para confirmar su ejecuci\u00f3n, que puede variar en su fecha pero nunca suspenderse\u201d, subray\u00f3 Sergio Becerra.<\/p>\n<ul>\n<li>2 de abril: Universidad de Concepci\u00f3n.<\/li>\n<li>10 de abril: Colegio Tecnol\u00f3gico Dar\u00edo Salas.<\/li>\n<li>11 de abril: Colegio Tecnol\u00f3gico Dar\u00edo Salas.<\/li>\n<li>15 de abril: Instituto Santo Tom\u00e1s.<\/li>\n<li>16 de abril: UBB Campus La Castilla.<\/li>\n<li>22 de abril: Universidad Adventista de Chile.<\/li>\n<li>23 de abril: Universidad Adventista de Chile.<\/li>\n<li>30 de abril: UBB Campus Fernando May.<\/li>\n<\/ul>\n<p>Es relevante destacar que la comunidad tambi\u00e9n puede acercarse a realizar su donaci\u00f3n directamente al Hospital que se ubica en el segundo piso de la Unidad de Emergencia y atiende lunes, mi\u00e9rcoles y viernes desde las 8 hasta las 13:30 horas y los martes y jueves desde las 8 hasta las 15:30 horas.<\/p>\n","protected":false},"excerpt":{"rendered":"<p>En la jornada hubo 60 donantes alumnos, profesores, funcionarios y directivos del Colegio. La campa\u00f1a se extiende tambi\u00e9n durante el d\u00eda de hoy y forma parte del calendario de actividades que realiza la Unidad de Medicina Transfusional del Hospital de Chill\u00e1n.<\/p>\n","protected":false},"author":2,"featured_media":415,"comment_status":"open","ping_status":"closed","sticky":false,"template":"","format":"standard","meta":{"_acf_changed":false,"_monsterinsights_skip_tracking":false,"_monsterinsights_sitenote_active":false,"_monsterinsights_sitenote_note":"","_monsterinsights_sitenote_category":0,"footnotes":""},"categories":[4],"tags":[],"class_list":["post-414","post","type-post","status-publish","format-standard","has-post-thumbnail","hentry","category-noticias"],"acf":[],"publishpress_future_action":{"enabled":false,"date":"2026-05-05 12:16:13","action":"change-status","newStatus":"draft","terms":[],"taxonomy":"category","extraData":[]},"publishpress_future_workflow_manual_trigger":{"enabledWorkflows":[]},"_links":{"self":[{"href":"https:\/\/hospitaldechillan.cl\/web\/wp-json\/wp\/v2\/posts\/414","targetHints":{"allow":["GET"]}}],"collection":[{"href":"https:\/\/hospitaldechillan.cl\/web\/wp-json\/wp\/v2\/posts"}],"about":[{"href":"https:\/\/hospitaldechillan.cl\/web\/wp-json\/wp\/v2\/types\/post"}],"author":[{"embeddable":true,"href":"https:\/\/hospitaldechillan.cl\/web\/wp-json\/wp\/v2\/users\/2"}],"replies":[{"embeddable":true,"href":"https:\/\/hospitaldechillan.cl\/web\/wp-json\/wp\/v2\/comments?post=414"}],"version-history":[{"count":0,"href":"https:\/\/hospitaldechillan.cl\/web\/wp-json\/wp\/v2\/posts\/414\/revisions"}],"wp:featuredmedia":[{"embeddable":true,"href":"https:\/\/hospitaldechillan.cl\/web\/wp-json\/wp\/v2\/media\/415"}],"wp:attachment":[{"href":"https:\/\/hospitaldechillan.cl\/web\/wp-json\/wp\/v2\/media?parent=414"}],"wp:term":[{"taxonomy":"category","embeddable":true,"href":"https:\/\/hospitaldechillan.cl\/web\/wp-json\/wp\/v2\/categories?post=414"},{"taxonomy":"post_tag","embeddable":true,"href":"https:\/\/hospitaldechillan.cl\/web\/wp-json\/wp\/v2\/tags?post=414"}],"curies":[{"name":"wp","href":"https:\/\/api.w.org\/{rel}","templated":true}]}}