{"id":408,"date":"2014-03-21T19:49:57","date_gmt":"2014-03-21T23:49:57","guid":{"rendered":"http:\/\/hospitaldechillan.cl\/web\/?p=408"},"modified":"2014-08-15T19:50:54","modified_gmt":"2014-08-15T23:50:54","slug":"gobierno-modifico-via-de-financiamiento-para-construir-el-nuevo-hospital-de-chillan","status":"publish","type":"post","link":"https:\/\/hospitaldechillan.cl\/web\/gobierno-modifico-via-de-financiamiento-para-construir-el-nuevo-hospital-de-chillan\/","title":{"rendered":"Gobierno modific\u00f3 v\u00eda de financiamiento para construir el Nuevo Hospital de Chill\u00e1n"},"content":{"rendered":"<p>El Gobierno suspendi\u00f3 la venta de bases para licitar la construcci\u00f3n del nuevo Hospital bajo el financiamiento de concesiones. La revocaci\u00f3n de las licitaciones del Proyecto Red Sur comenz\u00f3 esta semana y concluir\u00e1 dentro de los pr\u00f3ximos 15 d\u00edas.<\/p>\n<p>Seg\u00fan la informaci\u00f3n entregada la construcci\u00f3n se realizar\u00e1 con fondos del Ministerio de Salud.<\/p>\n<p>Las nuevas autoridades consideraron que era necesario realizar una evaluaci\u00f3n de los potenciales beneficios y desventajas de la construcci\u00f3n v\u00eda concesi\u00f3n. Dicha evaluaci\u00f3n se ejecutar\u00e1 por un equipo de profesionales del Ministerio de Obras P\u00fablicas (MOP) y de Salud, coordinados por el Subsecretario de Obras P\u00fablicas, Sergio Galilea y la subsecretaria de redes asistenciales Ang\u00e9lica Verdugo.<\/p>\n<p>Asimismo el Gobierno recalc\u00f3 que el cambio de la modalidad de financiamiento no influir\u00e1 en un retraso en las obras, manteni\u00e9ndose el inicio de la construcci\u00f3n para principios del 2015.<\/p>\n<p>Al respecto el Director del Hospital, Dr. Rodrigo Avenda\u00f1o Brandeis, precis\u00f3 que \u201crescatamos que pese al cambio de v\u00eda de financiamiento de este proyecto, las autoridades lo mantengan como un proyecto prioritario, en respuesta a la gran necesidad que tiene \u00d1uble de contar con un nuevo centro de salud de alta complejidad, el que se concretar\u00e1 en plazos trazados anteriormente\u201d.<\/p>\n<p>Por su parte el Director del Servicio de Salud \u00d1uble, Iv\u00e1n Paul, sostuvo que la modalidad de financiamiento con recursos sectoriales no significar\u00e1 un retraso en el proyecto y su construcci\u00f3n se iniciar\u00e1 en 2015.<\/p>\n<p>\u201cLa construcci\u00f3n del Hospital a trav\u00e9s del sistema de concesiones no supon\u00eda mayor celeridad ya que de acuerdo al cronograma la adjudicaci\u00f3n de la obra se contemplaba para mayo, luego la empresa ten\u00eda que concluir el dise\u00f1o y el inicio de obras se proyectaba para el pr\u00f3ximo a\u00f1o\u201d, explic\u00f3 el directivo.<\/p>\n<p>Lo mismo ocurrir\u00eda, con los otros recintos de salud de la Red Sur de Linares y Curic\u00f3, los que al igual que el de Chill\u00e1n se construir\u00edan con los fondos destinados para la cartera que bordea los 4 mil millones de d\u00f3lares.<\/p>\n","protected":false},"excerpt":{"rendered":"<p>Las nuevas autoridades frenaron el proceso de licitaci\u00f3n y aseguraron que con ello no se detiene la construcci\u00f3n del nuevo establecimiento ni se modifica el plazo de inicio de las obras que ser\u00eda a principios del pr\u00f3ximo a\u00f1o.<\/p>\n","protected":false},"author":2,"featured_media":409,"comment_status":"open","ping_status":"closed","sticky":false,"template":"","format":"standard","meta":{"_acf_changed":false,"_monsterinsights_skip_tracking":false,"_monsterinsights_sitenote_active":false,"_monsterinsights_sitenote_note":"","_monsterinsights_sitenote_category":0,"footnotes":""},"categories":[4],"tags":[],"class_list":["post-408","post","type-post","status-publish","format-standard","has-post-thumbnail","hentry","category-noticias"],"acf":[],"publishpress_future_action":{"enabled":false,"date":"2026-05-05 10:57:46","action":"change-status","newStatus":"draft","terms":[],"taxonomy":"category","extraData":[]},"publishpress_future_workflow_manual_trigger":{"enabledWorkflows":[]},"_links":{"self":[{"href":"https:\/\/hospitaldechillan.cl\/web\/wp-json\/wp\/v2\/posts\/408","targetHints":{"allow":["GET"]}}],"collection":[{"href":"https:\/\/hospitaldechillan.cl\/web\/wp-json\/wp\/v2\/posts"}],"about":[{"href":"https:\/\/hospitaldechillan.cl\/web\/wp-json\/wp\/v2\/types\/post"}],"author":[{"embeddable":true,"href":"https:\/\/hospitaldechillan.cl\/web\/wp-json\/wp\/v2\/users\/2"}],"replies":[{"embeddable":true,"href":"https:\/\/hospitaldechillan.cl\/web\/wp-json\/wp\/v2\/comments?post=408"}],"version-history":[{"count":0,"href":"https:\/\/hospitaldechillan.cl\/web\/wp-json\/wp\/v2\/posts\/408\/revisions"}],"wp:featuredmedia":[{"embeddable":true,"href":"https:\/\/hospitaldechillan.cl\/web\/wp-json\/wp\/v2\/media\/409"}],"wp:attachment":[{"href":"https:\/\/hospitaldechillan.cl\/web\/wp-json\/wp\/v2\/media?parent=408"}],"wp:term":[{"taxonomy":"category","embeddable":true,"href":"https:\/\/hospitaldechillan.cl\/web\/wp-json\/wp\/v2\/categories?post=408"},{"taxonomy":"post_tag","embeddable":true,"href":"https:\/\/hospitaldechillan.cl\/web\/wp-json\/wp\/v2\/tags?post=408"}],"curies":[{"name":"wp","href":"https:\/\/api.w.org\/{rel}","templated":true}]}}