{"id":4065,"date":"2018-01-18T10:14:14","date_gmt":"2018-01-18T14:14:14","guid":{"rendered":"http:\/\/hospitaldechillan.cl\/web\/?p=4065"},"modified":"2018-01-18T10:14:14","modified_gmt":"2018-01-18T14:14:14","slug":"hijos-de-funcionarios-participaron-de-entretenido-taller-de-manualidades","status":"publish","type":"post","link":"https:\/\/hospitaldechillan.cl\/web\/hijos-de-funcionarios-participaron-de-entretenido-taller-de-manualidades\/","title":{"rendered":"Hijos de funcionarios participaron de entretenido taller de manualidades"},"content":{"rendered":"<p>Con el prop\u00f3sito de reunir a la familia, la Secci\u00f3n de Calidad de Vida Laboral del Hospital, organiz\u00f3 una tarde recreativa para los hijos de los funcionarios, quienes hicieron una pausa en sus vacaciones y participaron de dos entretenidos talleres de manualidades.<\/p>\n<p>En la oportunidad,\u00a0 los peque\u00f1os aprendieron aspectos generales de la t\u00e9cnica art\u00edstica \u2018decoupage\u2019, que consiste en decorar una superficie con pintura, para luego pegar sobre ella im\u00e1genes impresas en servilletas.<\/p>\n<p>En la actividad, que se enmarca en el Instructivo Presidencial de Buenas Pr\u00e1cticas Laborales, participaron 19 menores, quienes junto a sus padres y orientados por los funcionarios, elaboraron llamativos dise\u00f1os.<\/p>\n<p><img loading=\"lazy\" decoding=\"async\" class=\"alignnone size-medium wp-image-4067\" src=\"https:\/\/hospitaldechillan.cl\/web\/wp-content_Hos\/uploads\/2018\/01\/web-3-640x360.jpg\" alt=\"web\" width=\"640\" height=\"360\" srcset=\"https:\/\/hospitaldechillan.cl\/web\/wp-content\/uploads\/2018\/01\/web-3-640x360.jpg 640w, https:\/\/hospitaldechillan.cl\/web\/wp-content\/uploads\/2018\/01\/web-3-768x432.jpg 768w, https:\/\/hospitaldechillan.cl\/web\/wp-content\/uploads\/2018\/01\/web-3-1200x675.jpg 1200w, https:\/\/hospitaldechillan.cl\/web\/wp-content\/uploads\/2018\/01\/web-3.jpg 1600w\" sizes=\"auto, (max-width: 640px) 100vw, 640px\" \/><\/p>\n<p>Una de las madres que particip\u00f3 junto a su hija fue la nutricionista Gloria S\u00e1nchez, quien expres\u00f3 que esta es la primera vez que su hija participa de una actividad\u00a0 como esta, lo que \u201cresult\u00f3 fant\u00e1stico porque se entretuvo mucho junto a los dem\u00e1s ni\u00f1os, adem\u00e1s conoci\u00f3 el lugar donde yo trabajo y confeccion\u00f3 una bonita cajita que dejaremos como recuerdo en nuestro hogar\u201d.<\/p>\n<p>Tal como expres\u00f3 Shirley Wall, Asistente Social de la Secci\u00f3n de Calidad de Vida Laboral, \u201cestamos muy contentos con el resultado de la iniciativa, pues durante las dos jornadas, de tres horas cada una, se logr\u00f3 el objetivo del proyecto que es contribuir en la conciliaci\u00f3n familia-trabajo mediante un taller donde los menores aprendieron nuevas t\u00e9cnicas manuales y los funcionarios pudieron compartir junto a sus hijos en una instancia m\u00e1s recreativa\u201d.<\/p>\n","protected":false},"excerpt":{"rendered":"<p>19 menores junto a sus padres asistieron a la actividad que se realiz\u00f3 en el hall del auditorio.<\/p>\n","protected":false},"author":3,"featured_media":4066,"comment_status":"open","ping_status":"closed","sticky":false,"template":"","format":"standard","meta":{"_acf_changed":false,"_monsterinsights_skip_tracking":false,"_monsterinsights_sitenote_active":false,"_monsterinsights_sitenote_note":"","_monsterinsights_sitenote_category":0,"footnotes":""},"categories":[4],"tags":[],"class_list":["post-4065","post","type-post","status-publish","format-standard","has-post-thumbnail","hentry","category-noticias"],"acf":[],"publishpress_future_action":{"enabled":false,"date":"2026-05-07 13:34:58","action":"change-status","newStatus":"draft","terms":[],"taxonomy":"category","extraData":[]},"publishpress_future_workflow_manual_trigger":{"enabledWorkflows":[]},"_links":{"self":[{"href":"https:\/\/hospitaldechillan.cl\/web\/wp-json\/wp\/v2\/posts\/4065","targetHints":{"allow":["GET"]}}],"collection":[{"href":"https:\/\/hospitaldechillan.cl\/web\/wp-json\/wp\/v2\/posts"}],"about":[{"href":"https:\/\/hospitaldechillan.cl\/web\/wp-json\/wp\/v2\/types\/post"}],"author":[{"embeddable":true,"href":"https:\/\/hospitaldechillan.cl\/web\/wp-json\/wp\/v2\/users\/3"}],"replies":[{"embeddable":true,"href":"https:\/\/hospitaldechillan.cl\/web\/wp-json\/wp\/v2\/comments?post=4065"}],"version-history":[{"count":0,"href":"https:\/\/hospitaldechillan.cl\/web\/wp-json\/wp\/v2\/posts\/4065\/revisions"}],"wp:featuredmedia":[{"embeddable":true,"href":"https:\/\/hospitaldechillan.cl\/web\/wp-json\/wp\/v2\/media\/4066"}],"wp:attachment":[{"href":"https:\/\/hospitaldechillan.cl\/web\/wp-json\/wp\/v2\/media?parent=4065"}],"wp:term":[{"taxonomy":"category","embeddable":true,"href":"https:\/\/hospitaldechillan.cl\/web\/wp-json\/wp\/v2\/categories?post=4065"},{"taxonomy":"post_tag","embeddable":true,"href":"https:\/\/hospitaldechillan.cl\/web\/wp-json\/wp\/v2\/tags?post=4065"}],"curies":[{"name":"wp","href":"https:\/\/api.w.org\/{rel}","templated":true}]}}