{"id":4043,"date":"2018-01-08T16:18:18","date_gmt":"2018-01-08T20:18:18","guid":{"rendered":"http:\/\/hospitaldechillan.cl\/web\/?p=4043"},"modified":"2018-01-08T16:34:48","modified_gmt":"2018-01-08T20:34:48","slug":"ceremonia-formalizo-entrega-de-video-institucional-educativo-en-el-hospital","status":"publish","type":"post","link":"https:\/\/hospitaldechillan.cl\/web\/ceremonia-formalizo-entrega-de-video-institucional-educativo-en-el-hospital\/","title":{"rendered":"Ceremonia formaliz\u00f3 entrega de video institucional educativo en el Hospital"},"content":{"rendered":"<p>Con el prop\u00f3sito de fortalecer la adherencia en la pr\u00e1ctica de la higiene de manos en los equipos de salud y alumnos, el Hospital Cl\u00ednico Herminda Mart\u00edn de Chill\u00e1n (HCHM) en conjunto con la Universidad del B\u00edo B\u00edo (UBB), realizaron un video educativo que refuerza el lavado cl\u00ednico de \u00e9sta \u00e1rea del cuerpo.<\/p>\n<p>Mediante una simb\u00f3lica ceremonia, donde se reconoci\u00f3 a la Casa de Estudios por el apoyo y a los funcionarios por su participaci\u00f3n, se formaliz\u00f3 la entrega de la pieza audiovisual, que tendr\u00e1 un uso interno en el establecimiento de salud.<\/p>\n<p>El Director del HCHM, Dr. Rodrigo Avenda\u00f1o Brandeis, expres\u00f3 que participar de estas iniciativas \u201cnos permiten fomentar los principales cuidados que el personal cl\u00ednico debe tener en un aspecto fundamental como es la limpieza de manos, con recomendaciones que fueron interpretadas por nuestros funcionarios con el objetivo de crear conciencia en sus compa\u00f1eros y disminuir las probabilidades de generar infecciones que puedan prolongar el tiempo de hospitalizaci\u00f3n de los usuarios\u201d.<\/p>\n<p>Por su parte, Cecilia Pinto Santuber, Jefa del Departamento de Admisi\u00f3n, Registro y Control Acad\u00e9mico de la UBB, afirm\u00f3 que estos proyectos \u201cson el resultado de una alianza estrat\u00e9gica de instituciones p\u00fablicas, que buscan generar y transferir conocimientos, mediante la participaci\u00f3n del personal cl\u00ednico, con un beneficio directo para los pacientes. Esta es una l\u00ednea que estamos iniciando y se puede transformar en un \u00e1rea de trabajo colaborativo que permita fortalecer ciertas \u00e1reas\u201d.<\/p>\n","protected":false},"excerpt":{"rendered":"<p>Funcionarios fueron protagonistas de las principales recomendaciones que muestra la pieza audiovisual.<\/p>\n","protected":false},"author":3,"featured_media":4044,"comment_status":"open","ping_status":"closed","sticky":false,"template":"","format":"standard","meta":{"_acf_changed":false,"_monsterinsights_skip_tracking":false,"_monsterinsights_sitenote_active":false,"_monsterinsights_sitenote_note":"","_monsterinsights_sitenote_category":0,"footnotes":""},"categories":[4],"tags":[],"class_list":["post-4043","post","type-post","status-publish","format-standard","has-post-thumbnail","hentry","category-noticias"],"acf":[],"publishpress_future_action":{"enabled":false,"date":"2026-05-08 00:21:20","action":"change-status","newStatus":"draft","terms":[],"taxonomy":"category","extraData":[]},"publishpress_future_workflow_manual_trigger":{"enabledWorkflows":[]},"_links":{"self":[{"href":"https:\/\/hospitaldechillan.cl\/web\/wp-json\/wp\/v2\/posts\/4043","targetHints":{"allow":["GET"]}}],"collection":[{"href":"https:\/\/hospitaldechillan.cl\/web\/wp-json\/wp\/v2\/posts"}],"about":[{"href":"https:\/\/hospitaldechillan.cl\/web\/wp-json\/wp\/v2\/types\/post"}],"author":[{"embeddable":true,"href":"https:\/\/hospitaldechillan.cl\/web\/wp-json\/wp\/v2\/users\/3"}],"replies":[{"embeddable":true,"href":"https:\/\/hospitaldechillan.cl\/web\/wp-json\/wp\/v2\/comments?post=4043"}],"version-history":[{"count":0,"href":"https:\/\/hospitaldechillan.cl\/web\/wp-json\/wp\/v2\/posts\/4043\/revisions"}],"wp:featuredmedia":[{"embeddable":true,"href":"https:\/\/hospitaldechillan.cl\/web\/wp-json\/wp\/v2\/media\/4044"}],"wp:attachment":[{"href":"https:\/\/hospitaldechillan.cl\/web\/wp-json\/wp\/v2\/media?parent=4043"}],"wp:term":[{"taxonomy":"category","embeddable":true,"href":"https:\/\/hospitaldechillan.cl\/web\/wp-json\/wp\/v2\/categories?post=4043"},{"taxonomy":"post_tag","embeddable":true,"href":"https:\/\/hospitaldechillan.cl\/web\/wp-json\/wp\/v2\/tags?post=4043"}],"curies":[{"name":"wp","href":"https:\/\/api.w.org\/{rel}","templated":true}]}}