{"id":3956,"date":"2018-01-01T10:41:24","date_gmt":"2018-01-01T14:41:24","guid":{"rendered":"http:\/\/hospitaldechillan.cl\/web\/?p=3956"},"modified":"2018-01-01T10:45:58","modified_gmt":"2018-01-01T14:45:58","slug":"danae-emilia-fue-la-primera-bebe-del-ano-en-nuble","status":"publish","type":"post","link":"https:\/\/hospitaldechillan.cl\/web\/danae-emilia-fue-la-primera-bebe-del-ano-en-nuble\/","title":{"rendered":"Danae Emilia fue la primera beb\u00e9 del a\u00f1o en \u00d1uble"},"content":{"rendered":"<p>La noche del 31 de diciembre representa el fin de un a\u00f1o y el inicio de otro, algo muy especial para las familias de nuestro pa\u00eds quienes aprovechan esta instancia para compartir y celebrar este hito. Si a ello, le sumamos la llegada de un hijo, esto se torna a\u00fan m\u00e1s relevante.<\/p>\n<p>As\u00ed fue el caso de Danae Emilia, quien naci\u00f3 a las 00:59 de la madrugada de hoy, por parto normal. Su madre Carolina V\u00e1squez Sald\u00edas (32 a\u00f1os), quien reside en la comuna de El Carmen coment\u00f3 que \u201cyo ten\u00eda fecha para el 2 de enero, pero como comenc\u00e9 a tener contracciones en mi casa, prefer\u00ed trasladarme a Chill\u00e1n y decid\u00ed venir a la urgencia del hospital y me dejaron hospitalizada. Desde ese momento, supe que las celebraciones iban a ser diferentes\u201d.<\/p>\n<p>La peque\u00f1a Danae, midi\u00f3 47, 5 cent\u00edmetros y pes\u00f3 2 kilos 900 gramos. Su madre coment\u00f3 que fue una experiencia inolvidable, sobre todo para el padre, Emilio Valladares quien estuvo junto a ella en todo el trabajo de parto que se inici\u00f3 pasadas las 22 horas, y que finaliz\u00f3 cuando el mismo \u00a0cort\u00f3 el cord\u00f3n umbilical de su hija.<\/p>\n<p>Durante el 2017, se realizaron alrededor de 2 mil 500 partos, que son atendidos con profesionalismos por los funcionarios del Servicio de Obstetricia y Ginecolog\u00eda del Establecimiento.<\/p>\n<p>Normalmente las familias est\u00e1n ansiosas ante el hermoso momento que vivir\u00e1n, por eso en la maternidad del Hospital Cl\u00ednico Herminda Mart\u00edn de Chill\u00e1n, se ha establecido un proceso que permita brindar compa\u00f1\u00eda y tranquilidad a la madre y al acompa\u00f1ante en el parto.<\/p>\n<p>Para ello, en conjunto con el Programa Chile Crece Contigo y la modalidad Mi Jard\u00edn al Hospital, se implement\u00f3 a partir de junio de este a\u00f1o el taller de guatitas pintadas, que sirve para fortalecer los v\u00ednculos entre los padres y el beb\u00e9 por nacer. En total, se realizaron 5 sesiones, en las que participaron 27 familias.<\/p>\n<p>Asimismo durante el nacimiento, los acompa\u00f1antes, que usualmente son los padres, pueden participar activamente del proceso y decidir si quieren ser ellos quienes cortan el cord\u00f3n umbilical haci\u00e9ndoles part\u00edcipes de este emocionante momento.<\/p>\n<p>El Director del Hospital Dr. Rodrigo Avenda\u00f1o Brandeis, destac\u00f3 que para nosotros es un desaf\u00edo constante brindar las mejores condiciones a las familias de \u00d1uble, sobre todo durante el proceso de parto, pues \u201csabemos lo especial que es la llegada de un hijo para los padres, y si bien, este momento requiere de atenci\u00f3n m\u00e9dica y profesional, es una experiencia natural y \u00fanica, por lo que buscamos alternativas para hacerla m\u00e1s familiar mediante talleres art\u00edsticos que vinculan a los padres o familiares con el beb\u00e9 que a\u00fan est\u00e1 en el vientre materno adem\u00e1s de brindar la posibilidad de un acompa\u00f1amiento durante todo el proceso del parto\u201d.<\/p>\n<p>Danae al igual que todos los ni\u00f1os y ni\u00f1as que nacen en el Red P\u00fablica de Salud, recibir\u00e1 como uno de sus primeros obsequios los elementos que integran el Programa de Apoyo al Reci\u00e9n Nacido (PARN) que tambi\u00e9n se conoce como Ajuar. En los implementos encontrar\u00e1n un set\u00a0 de Apego Seguro y Vestuario; otro de Cuidados B\u00e1sicos y estimulaci\u00f3n y uno que incluye una cuna corral equipada. Dentro de los obsequios se cuenta un coj\u00edn para lactancia, un porta beb\u00e9, una toalla para el ba\u00f1o, bolso de transporte para art\u00edculos del beb\u00e9, vestuario, una alfombra de goma eva, una cuna corral port\u00e1til, s\u00e1banas, colcha tipo plum\u00f3n entre otros. Durante este a\u00f1o, fueron 2366 beb\u00e9s recibieron sus ajuares.<\/p>\n","protected":false},"excerpt":{"rendered":"<p>La ni\u00f1a naci\u00f3 a las 00:59 horas de hoy. Pes\u00f3 2 kilos 900 gramos y midi\u00f3 47,5 cent\u00edmetros de longitud. Su madre Carolina V\u00e1squez, reside en El Carmen junto a su familia. <\/p>\n","protected":false},"author":3,"featured_media":3958,"comment_status":"open","ping_status":"closed","sticky":false,"template":"","format":"standard","meta":{"_acf_changed":false,"_monsterinsights_skip_tracking":false,"_monsterinsights_sitenote_active":false,"_monsterinsights_sitenote_note":"","_monsterinsights_sitenote_category":0,"footnotes":""},"categories":[4],"tags":[],"class_list":["post-3956","post","type-post","status-publish","format-standard","has-post-thumbnail","hentry","category-noticias"],"acf":[],"publishpress_future_action":{"enabled":false,"date":"2026-05-07 13:41:03","action":"change-status","newStatus":"draft","terms":[],"taxonomy":"category","extraData":[]},"publishpress_future_workflow_manual_trigger":{"enabledWorkflows":[]},"_links":{"self":[{"href":"https:\/\/hospitaldechillan.cl\/web\/wp-json\/wp\/v2\/posts\/3956","targetHints":{"allow":["GET"]}}],"collection":[{"href":"https:\/\/hospitaldechillan.cl\/web\/wp-json\/wp\/v2\/posts"}],"about":[{"href":"https:\/\/hospitaldechillan.cl\/web\/wp-json\/wp\/v2\/types\/post"}],"author":[{"embeddable":true,"href":"https:\/\/hospitaldechillan.cl\/web\/wp-json\/wp\/v2\/users\/3"}],"replies":[{"embeddable":true,"href":"https:\/\/hospitaldechillan.cl\/web\/wp-json\/wp\/v2\/comments?post=3956"}],"version-history":[{"count":0,"href":"https:\/\/hospitaldechillan.cl\/web\/wp-json\/wp\/v2\/posts\/3956\/revisions"}],"wp:featuredmedia":[{"embeddable":true,"href":"https:\/\/hospitaldechillan.cl\/web\/wp-json\/wp\/v2\/media\/3958"}],"wp:attachment":[{"href":"https:\/\/hospitaldechillan.cl\/web\/wp-json\/wp\/v2\/media?parent=3956"}],"wp:term":[{"taxonomy":"category","embeddable":true,"href":"https:\/\/hospitaldechillan.cl\/web\/wp-json\/wp\/v2\/categories?post=3956"},{"taxonomy":"post_tag","embeddable":true,"href":"https:\/\/hospitaldechillan.cl\/web\/wp-json\/wp\/v2\/tags?post=3956"}],"curies":[{"name":"wp","href":"https:\/\/api.w.org\/{rel}","templated":true}]}}