{"id":3944,"date":"2017-12-26T12:11:58","date_gmt":"2017-12-26T16:11:58","guid":{"rendered":"http:\/\/hospitaldechillan.cl\/web\/?p=3944"},"modified":"2017-12-28T14:52:11","modified_gmt":"2017-12-28T18:52:11","slug":"familiares-de-usuarios-se-capacitan-sobre-cuidados-basicos-del-adulto-mayor","status":"publish","type":"post","link":"https:\/\/hospitaldechillan.cl\/web\/familiares-de-usuarios-se-capacitan-sobre-cuidados-basicos-del-adulto-mayor\/","title":{"rendered":"Familiares de usuarios se capacitan sobre cuidados b\u00e1sicos del adulto mayor"},"content":{"rendered":"<p>M\u00e1s de 40 personas han asistido a las capacitaciones que \u00a0los funcionarios del Servicio de Medicina del Hospital Cl\u00ednico Herminda Mart\u00edn de Chill\u00e1n (HCHM) han brindado a los familiares de los usuarios hospitalizados en el centro asistencial, para brindarles herramientas sobre los cuidados\u00a0 que los usuarios requerir\u00e1n luego de recibir su al alta m\u00e9dica.<\/p>\n<p>Paola Becerra Zenteno, asisti\u00f3 a la segunda jornada educativa sobre \u2018Mec\u00e1nica corporal\u2019, mientras su abuelo se encontraba hospitalizado debido a\u00a0 una patolog\u00eda cardiovascular. Tal como expres\u00f3 la chillaneja, decidi\u00f3 participar de la actividad porque tras el alta de su familiar \u00a0asumir\u00eda su cuidado en casa.<\/p>\n<p>\u201cLa asistencia a un adulto mayor es compleja, por ello agradezco mucho este tipo de instancias, ya que me sirvi\u00f3 para conocer la manera correcta de moverlo, de acuerdo a la indicaci\u00f3n de los especialistas, y poder brindar los cuidados b\u00e1sicos que ayud\u00f3 en la recuperaci\u00f3n de mi abuelo, quien hoy se siente mucho mejor\u201d, agradeci\u00f3.<\/p>\n<p>Desde octubre, esta iniciativa que fortalece el rol del cuidador en el proceso de recuperaci\u00f3n de los pacientes, busca contribuir a la ejecuci\u00f3n correcta de las indicaciones y cuidados en el domicilio previniendo riesgos propios de \u00e9ste grupo et\u00e1reo.<\/p>\n<p>Tal como explic\u00f3 Nelly Molina Santander, enfermera cl\u00ednica del HCHM, las capacitaciones las efect\u00faa un equipo integrado por 3 m\u00e9dicos, 3 enfermeros y 1 trabajadora social.<\/p>\n<p>\u201cLa iniciativa fomenta el acercamiento con los familiares y genera una instancia \u00a0para aprender en detalle cu\u00e1les son\u00a0 los cuidados b\u00e1sicos que deber\u00e1n realizar los cuidadores en el domicilio tras el alta del paciente, es decir, las t\u00e9cnicas de movilizaci\u00f3n, aseo y bienestar, lo que disminuir\u00e1 los riesgos de enfermar o descompensar la patolog\u00eda del paciente\u201d, puntualiz\u00f3.<\/p>\n","protected":false},"excerpt":{"rendered":"<p>Los cuidadores pueden instruirse en materias como aseo y confort, prevenci\u00f3n de ca\u00eddas y \u00falceras por presi\u00f3n, en alimentaci\u00f3n asistida por v\u00eda oral y enteral, orientaci\u00f3n en  tr\u00e1mites de pensi\u00f3n y obtenci\u00f3n de ayudas sociales, entre otras.<\/p>\n","protected":false},"author":3,"featured_media":3945,"comment_status":"open","ping_status":"closed","sticky":false,"template":"","format":"standard","meta":{"_acf_changed":false,"_monsterinsights_skip_tracking":false,"_monsterinsights_sitenote_active":false,"_monsterinsights_sitenote_note":"","_monsterinsights_sitenote_category":0,"footnotes":""},"categories":[4],"tags":[],"class_list":["post-3944","post","type-post","status-publish","format-standard","has-post-thumbnail","hentry","category-noticias"],"acf":[],"publishpress_future_action":{"enabled":false,"date":"2026-05-07 13:48:16","action":"change-status","newStatus":"draft","terms":[],"taxonomy":"category","extraData":[]},"publishpress_future_workflow_manual_trigger":{"enabledWorkflows":[]},"_links":{"self":[{"href":"https:\/\/hospitaldechillan.cl\/web\/wp-json\/wp\/v2\/posts\/3944","targetHints":{"allow":["GET"]}}],"collection":[{"href":"https:\/\/hospitaldechillan.cl\/web\/wp-json\/wp\/v2\/posts"}],"about":[{"href":"https:\/\/hospitaldechillan.cl\/web\/wp-json\/wp\/v2\/types\/post"}],"author":[{"embeddable":true,"href":"https:\/\/hospitaldechillan.cl\/web\/wp-json\/wp\/v2\/users\/3"}],"replies":[{"embeddable":true,"href":"https:\/\/hospitaldechillan.cl\/web\/wp-json\/wp\/v2\/comments?post=3944"}],"version-history":[{"count":0,"href":"https:\/\/hospitaldechillan.cl\/web\/wp-json\/wp\/v2\/posts\/3944\/revisions"}],"wp:featuredmedia":[{"embeddable":true,"href":"https:\/\/hospitaldechillan.cl\/web\/wp-json\/wp\/v2\/media\/3945"}],"wp:attachment":[{"href":"https:\/\/hospitaldechillan.cl\/web\/wp-json\/wp\/v2\/media?parent=3944"}],"wp:term":[{"taxonomy":"category","embeddable":true,"href":"https:\/\/hospitaldechillan.cl\/web\/wp-json\/wp\/v2\/categories?post=3944"},{"taxonomy":"post_tag","embeddable":true,"href":"https:\/\/hospitaldechillan.cl\/web\/wp-json\/wp\/v2\/tags?post=3944"}],"curies":[{"name":"wp","href":"https:\/\/api.w.org\/{rel}","templated":true}]}}