{"id":3674,"date":"2017-11-30T14:06:23","date_gmt":"2017-11-30T18:06:23","guid":{"rendered":"http:\/\/hospitaldechillan.cl\/web\/?p=3674"},"modified":"2017-11-30T14:06:23","modified_gmt":"2017-11-30T18:06:23","slug":"profesionales-de-salud-reforzaron-el-llamado-a-prevenir-y-detectar-precozmente-el-vihsida","status":"publish","type":"post","link":"https:\/\/hospitaldechillan.cl\/web\/profesionales-de-salud-reforzaron-el-llamado-a-prevenir-y-detectar-precozmente-el-vihsida\/","title":{"rendered":"Profesionales de salud reforzaron el llamado a prevenir y detectar precozmente el VIH\/SIDA"},"content":{"rendered":"<p>De acuerdo a estad\u00edsticas del Ministerio de Salud, en Chile 65 mil personas viven con VIH y el 99% de los casos,\u00a0 lo adquiri\u00f3 a trav\u00e9s de relaciones sexuales desprotegidas. Por ello, y en el marco de la conmemoraci\u00f3n del D\u00eda Mundial de la lucha contra esta enfermedad, profesionales del Servicio de Salud \u00d1uble y del Hospital Cl\u00ednico Herminda Mart\u00edn, enfatizaron el llamado a prevenir y detectar a tiempo.<\/p>\n<p>En esa l\u00ednea, el doctor Christian Esveile, M\u00e9dico Internista y Jefe del Policl\u00ednico de VIH del recinto hospitalario, indic\u00f3 que \u201clamentablemente el VIH no se puede curar, pero s\u00ed contener y evitar su contagio con m\u00faltiples medidas que apuntan a acceder a tratamiento y a prevenir\u00a0 a trav\u00e9s de conductas sexuales seguras; pareja \u00fanica bilateral; uso de preservativo en forma regular y consistente, en cada relaci\u00f3n sexual y el diagn\u00f3stico oportuno de las personas\u201d.<\/p>\n<p>Seg\u00fan explic\u00f3 el especialista \u201cse ha demostrado que el tratamiento reduce el contagio, ya que el virus deja de circular por la sangre y por lo tanto, no puede transmitirse a otras personas.\u00a0 Justamente en ese sentido es que hacemos un llamado a que la mayor cantidad de personas se haga el examen, conozca su diagn\u00f3stico y acceda a tratamiento. Para ello, cuentan con un equipo multidisciplinario integrado por M\u00e9dicos especialistas, Qu\u00edmico Farmac\u00e9utico, Enfermera, Matrona, Psic\u00f3loga, T\u00e9cnico Param\u00e9dicos y otros profesionales seg\u00fan necesidad cl\u00ednica\u201d, sostuvo Esveile.<\/p>\n<p>Respecto a la realidad local, el se\u00f1al\u00f3 que \u201cen \u00d1uble tenemos 352 usuarios en control en el centro, de \u00e9stos m\u00e1s del 95% est\u00e1 en tratamiento y alrededor del 94% tiene su carga viral indetectable, o sea, no tiene el virus circulando y ha logrado el \u00e9xito de la terapia. Esto gracias a un trabajo mancomunado gracias al trabajo de la red completa que ha permitido detectar a m\u00e1s pacientes y ellos han ingresado en mayor cantidad\u201d.<\/p>\n<p>El profesional enfatiz\u00f3 en la importancia de la inclusi\u00f3n y la no discriminaci\u00f3n, ya que se trata de una enfermedad que \u201cafecta transversalmente a personas de los dos sexos, hay pacientes de todas las edades, con mayor concentraci\u00f3n en los y las j\u00f3venes, menores de 40 a\u00f1os, y de todas las clases socioecon\u00f3micas\u201d.<\/p>\n<p><strong>Tratamiento garantizado por el GES<\/strong><\/p>\n<p><strong>\u00a0<\/strong>El VIH\/SIDA se detecta a trav\u00e9s de un examen de sangre, test Elisa para VIH, disponible en todos los Cesfam y Hospitales de la red asistencial de \u00d1uble. \u201cEl llamado es que las personas se realicen este test como una pr\u00e1ctica habitual dentro de su vida diaria, tal como se hace para pesquisar otras enfermedades. La evidencia muestra que el diagn\u00f3stico y tratamiento precoz marcan una gran diferencia para la efectividad del tratamiento y sobrevida, pero adem\u00e1s, permiten que por ejemplo una persona pueda embarazarse\u00a0 y no se produzca la transmisi\u00f3n vertical, es decir, el beb\u00e9 nazca completamente sano.<\/p>\n<p>Fabiola Fern\u00e1ndez, Inmun\u00f3loga del Policl\u00ednico de VIH, explic\u00f3 que \u201cactualmente con los tratamientos que existe disponible y que est\u00e1 garantizado por el GES para todos los beneficiarios ya sea del sistema p\u00fablico o privado. Esta terapia logra que el paciente se reconstituya desde el punto de vista inmunol\u00f3gico, eso quiere decir que su sistema inmune funciona como el de cualquier otra persona y ya no vemos las mismas enfermedades que ve\u00edamos antes, sino que patolog\u00edas en relaci\u00f3n al proceso de envejecimiento. Vemos m\u00e1s del tipo metab\u00f3lico, como diabetes, tambi\u00e9n hipertensi\u00f3n y mayor prevalencia de otros tipos de c\u00e1ncer que son los que vemos com\u00fanmente en la poblaci\u00f3n en general\u201d.<\/p>\n<p><img loading=\"lazy\" decoding=\"async\" class=\"alignnone size-medium wp-image-3676\" src=\"https:\/\/hospitaldechillan.cl\/web\/wp-content_Hos\/uploads\/2017\/11\/web2-640x360.jpg\" alt=\"\" width=\"640\" height=\"360\" srcset=\"https:\/\/hospitaldechillan.cl\/web\/wp-content\/uploads\/2017\/11\/web2-640x360.jpg 640w, https:\/\/hospitaldechillan.cl\/web\/wp-content\/uploads\/2017\/11\/web2-768x432.jpg 768w, https:\/\/hospitaldechillan.cl\/web\/wp-content\/uploads\/2017\/11\/web2-1200x675.jpg 1200w\" sizes=\"auto, (max-width: 640px) 100vw, 640px\" \/><\/p>\n<p>A su vez, el \u00faltimo decreto del GES, permitir\u00e1 contar con nuevos tratamientos, asegurando la entrega de medicamentos a toda persona diagnosticada con la enfermedad, independientemente de si es o no asintom\u00e1tica.<\/p>\n<p>Desde marzo de 2018, toda la poblaci\u00f3n en control gradualmente comenzar\u00e1 a recibir los nuevos tratamientos con los que se busca mejorar la adherencia, ya disminuir los efectos adversos, aumentar la efectividad de tratamiento y mejorar la calidad de vida de las personas.<\/p>\n","protected":false},"excerpt":{"rendered":"<p>En el marco del d\u00eda mundial contra esta patolog\u00eda, especialistas destacaron la importancia de prevenir, promover el control, la inclusi\u00f3n y la no discriminaci\u00f3n de quienes viven con el virus.<\/p>\n","protected":false},"author":3,"featured_media":3675,"comment_status":"open","ping_status":"closed","sticky":false,"template":"","format":"standard","meta":{"_acf_changed":false,"_monsterinsights_skip_tracking":false,"_monsterinsights_sitenote_active":false,"_monsterinsights_sitenote_note":"","_monsterinsights_sitenote_category":0,"footnotes":""},"categories":[4],"tags":[],"class_list":["post-3674","post","type-post","status-publish","format-standard","has-post-thumbnail","hentry","category-noticias"],"acf":[],"publishpress_future_action":{"enabled":false,"date":"2026-05-07 12:32:40","action":"change-status","newStatus":"draft","terms":[],"taxonomy":"category","extraData":[]},"publishpress_future_workflow_manual_trigger":{"enabledWorkflows":[]},"_links":{"self":[{"href":"https:\/\/hospitaldechillan.cl\/web\/wp-json\/wp\/v2\/posts\/3674","targetHints":{"allow":["GET"]}}],"collection":[{"href":"https:\/\/hospitaldechillan.cl\/web\/wp-json\/wp\/v2\/posts"}],"about":[{"href":"https:\/\/hospitaldechillan.cl\/web\/wp-json\/wp\/v2\/types\/post"}],"author":[{"embeddable":true,"href":"https:\/\/hospitaldechillan.cl\/web\/wp-json\/wp\/v2\/users\/3"}],"replies":[{"embeddable":true,"href":"https:\/\/hospitaldechillan.cl\/web\/wp-json\/wp\/v2\/comments?post=3674"}],"version-history":[{"count":0,"href":"https:\/\/hospitaldechillan.cl\/web\/wp-json\/wp\/v2\/posts\/3674\/revisions"}],"wp:featuredmedia":[{"embeddable":true,"href":"https:\/\/hospitaldechillan.cl\/web\/wp-json\/wp\/v2\/media\/3675"}],"wp:attachment":[{"href":"https:\/\/hospitaldechillan.cl\/web\/wp-json\/wp\/v2\/media?parent=3674"}],"wp:term":[{"taxonomy":"category","embeddable":true,"href":"https:\/\/hospitaldechillan.cl\/web\/wp-json\/wp\/v2\/categories?post=3674"},{"taxonomy":"post_tag","embeddable":true,"href":"https:\/\/hospitaldechillan.cl\/web\/wp-json\/wp\/v2\/tags?post=3674"}],"curies":[{"name":"wp","href":"https:\/\/api.w.org\/{rel}","templated":true}]}}