{"id":3639,"date":"2017-11-16T15:36:33","date_gmt":"2017-11-16T19:36:33","guid":{"rendered":"http:\/\/hospitaldechillan.cl\/web\/?p=3639"},"modified":"2017-11-17T14:37:39","modified_gmt":"2017-11-17T18:37:39","slug":"mi-jardin-al-hospital-celebro-su-tercer-aniversario-con-entretenidos-juegos-y-actividades-para-sus-usuarios","status":"publish","type":"post","link":"https:\/\/hospitaldechillan.cl\/web\/mi-jardin-al-hospital-celebro-su-tercer-aniversario-con-entretenidos-juegos-y-actividades-para-sus-usuarios\/","title":{"rendered":"Mi Jard\u00edn al Hospital celebr\u00f3 su tercer aniversario con entretenidos juegos y actividades para sus usuarios"},"content":{"rendered":"<p>Con un despliegue lleno de entusiasmo y cari\u00f1o, el equipo multidisciplinario \u201cMi Jard\u00edn al Hospital\u201d conmemor\u00f3 su tercer aniversario mediante actividades l\u00fadicas como globoflexia, din\u00e1mica circense y pintacaritas, actividades que alegraron la tarde de los peque\u00f1os usuarios y engalanaron el quinto piso de la torre del Hospital Cl\u00ednico Herminda Mart\u00edn de Chill\u00e1n (HCHM).<\/p>\n<p>En estos tres a\u00f1os de trabajo, que comenz\u00f3 luego de que en octubre de 2014 el Establecimiento de Salud firmara un convenio con la Fundaci\u00f3n Integra con el objetivo de instalar la modalidad para reforzar el trabajo del Programa Chile Crece Contigo, el equipo multidisciplinario compuesto por dos educadoras de p\u00e1rvulos, una psic\u00f3loga y una trabajadora social, se han sumado a la labor asistencial, favoreciendo mediante sus din\u00e1micas pedag\u00f3gicas y psicosociales a la recuperaci\u00f3n de los pacientes, reforzando sus aprendizajes suspendidos debido a la ausencia de sus lugares de estudio.<\/p>\n<p>Elsa Oliveros Jarpa, madre de uno de los usuarios de la modalidad, coment\u00f3 que \u201cen los d\u00edas que estuvo hospitalizado, mi peque\u00f1o Ian lo pas\u00f3 s\u00faper bien, no se aburri\u00f3 y jug\u00f3 mucho con las t\u00edas, que lo ayudaron a sobrellevar la enfermedad que cursan. Tuvo muchos momentos felices, y ahora que nos vamos a casa, seguro que los va a extra\u00f1ar\u201d, resalt\u00f3.<\/p>\n<p><img loading=\"lazy\" decoding=\"async\" class=\"alignnone size-medium wp-image-3641\" src=\"https:\/\/hospitaldechillan.cl\/web\/wp-content_Hos\/uploads\/2017\/11\/web-2-2-640x360.jpg\" alt=\"web 2\" width=\"640\" height=\"360\" srcset=\"https:\/\/hospitaldechillan.cl\/web\/wp-content\/uploads\/2017\/11\/web-2-2-640x360.jpg 640w, https:\/\/hospitaldechillan.cl\/web\/wp-content\/uploads\/2017\/11\/web-2-2-768x432.jpg 768w, https:\/\/hospitaldechillan.cl\/web\/wp-content\/uploads\/2017\/11\/web-2-2-1200x675.jpg 1200w, https:\/\/hospitaldechillan.cl\/web\/wp-content\/uploads\/2017\/11\/web-2-2.jpg 1600w\" sizes=\"auto, (max-width: 640px) 100vw, 640px\" \/><\/p>\n<p>As\u00ed como Ian, los ni\u00f1os y ni\u00f1as prefieren actividades que incluyen juegos, usando accesorios como gorros o lentes, pintar en atriles con t\u00e9mperas o participar de los cuentos de Kamishibai (teatro de papel), que las t\u00edas ofrecen.<\/p>\n<p>Durante la jornada, adem\u00e1s se realiz\u00f3 una simb\u00f3lica ceremonia que se dirigi\u00f3 a la comunidad asistencial, que convive con la el programa educativo y psicosocial. En la ocasi\u00f3n, el Director del Establecimiento, Dr. Rodrigo Avenda\u00f1o Brandeis felicit\u00f3 al equipo de Integra, destacando el aporte que realizan, ya que \u201ceste convenio permite que el ni\u00f1o enfermo no interrumpa su proceso educativo y entienda mejor el per\u00edodo por el que atraviesa con el apoyo multiprofesional ofrecido. Esperamos que la iniciativa siga creciendo con el tiempo y acompa\u00f1ando a nuestros usuarios desde el \u00e1mbito psicosocial\u201d, asegur\u00f3.<\/p>\n<p>Los distintos diagn\u00f3sticos y estados de salud de mayor o menor compatibilidad, son algunos de los factores que inciden en la manera en que las t\u00edas trabajan con los ni\u00f1os y ni\u00f1as. Si la condici\u00f3n es m\u00e1s bien delicada, las integrantes del equipo, los visitan en sus respectivas salas y comparten con ellos, juguetes, libros u otros elementos de entretenci\u00f3n, para hacer m\u00e1s llevadero el proceso de hospitalizaci\u00f3n. Cuando la salud mejora, se hacen trabajos grupales, en la sala de estimulaci\u00f3n, donde est\u00e1n rodeados de colores, juguetes y un ambiente propicio para dar rienda suelta a su imaginaci\u00f3n y ganas de jugar.<\/p>\n<p>&nbsp;<\/p>\n<p><img loading=\"lazy\" decoding=\"async\" class=\"alignnone size-medium wp-image-3642\" src=\"https:\/\/hospitaldechillan.cl\/web\/wp-content_Hos\/uploads\/2017\/11\/web-3-1-640x360.jpg\" alt=\"web 3\" width=\"640\" height=\"360\" srcset=\"https:\/\/hospitaldechillan.cl\/web\/wp-content\/uploads\/2017\/11\/web-3-1-640x360.jpg 640w, https:\/\/hospitaldechillan.cl\/web\/wp-content\/uploads\/2017\/11\/web-3-1-768x432.jpg 768w, https:\/\/hospitaldechillan.cl\/web\/wp-content\/uploads\/2017\/11\/web-3-1-1200x675.jpg 1200w, https:\/\/hospitaldechillan.cl\/web\/wp-content\/uploads\/2017\/11\/web-3-1.jpg 1600w\" sizes=\"auto, (max-width: 640px) 100vw, 640px\" \/><\/p>\n<p>Seg\u00fan Yenny Inostroza, Trabajadora Social de Mi Jard\u00edn al Hospital \u201cnuestra labor brinda oportunidades a la familia y a los ni\u00f1os y ni\u00f1as la posibilidad de aprender nuevas palabras, descubrir materiales y efectuar din\u00e1micas que favorecen la recuperaci\u00f3n y mejoran los estados an\u00edmicos de los ni\u00f1os, todo esto entregando un sentido distinto al proceso que est\u00e1n viviendo\u201d.<\/p>\n<p>Durante estos 3 a\u00f1os, han atendido a m\u00e1s de 3 mil 900 ni\u00f1os de los cuales 831 no corresponden al rango et\u00e1reo con el que se trabaja, que considera a los reci\u00e9n nacidos hasta los 5 a\u00f1os 11 meses y 29 d\u00edas. En lo que va del 2017, los beneficiados son 1100 familias (121 fuera del rango de edad).<\/p>\n<p>&nbsp;<\/p>\n","protected":false},"excerpt":{"rendered":"<p>Las t\u00edas se vistieron de payasos y otros integrantes del circo para sacar entretener a los ni\u00f1os y ni\u00f1as hospitalizados en Pediatr\u00eda y Cirug\u00eda Infantil. <\/p>\n","protected":false},"author":3,"featured_media":3640,"comment_status":"open","ping_status":"closed","sticky":false,"template":"","format":"standard","meta":{"_acf_changed":false,"_monsterinsights_skip_tracking":false,"_monsterinsights_sitenote_active":false,"_monsterinsights_sitenote_note":"","_monsterinsights_sitenote_category":0,"footnotes":""},"categories":[4],"tags":[],"class_list":["post-3639","post","type-post","status-publish","format-standard","has-post-thumbnail","hentry","category-noticias"],"acf":[],"publishpress_future_action":{"enabled":false,"date":"2026-05-08 17:22:50","action":"change-status","newStatus":"draft","terms":[],"taxonomy":"category","extraData":[]},"publishpress_future_workflow_manual_trigger":{"enabledWorkflows":[]},"_links":{"self":[{"href":"https:\/\/hospitaldechillan.cl\/web\/wp-json\/wp\/v2\/posts\/3639","targetHints":{"allow":["GET"]}}],"collection":[{"href":"https:\/\/hospitaldechillan.cl\/web\/wp-json\/wp\/v2\/posts"}],"about":[{"href":"https:\/\/hospitaldechillan.cl\/web\/wp-json\/wp\/v2\/types\/post"}],"author":[{"embeddable":true,"href":"https:\/\/hospitaldechillan.cl\/web\/wp-json\/wp\/v2\/users\/3"}],"replies":[{"embeddable":true,"href":"https:\/\/hospitaldechillan.cl\/web\/wp-json\/wp\/v2\/comments?post=3639"}],"version-history":[{"count":0,"href":"https:\/\/hospitaldechillan.cl\/web\/wp-json\/wp\/v2\/posts\/3639\/revisions"}],"wp:featuredmedia":[{"embeddable":true,"href":"https:\/\/hospitaldechillan.cl\/web\/wp-json\/wp\/v2\/media\/3640"}],"wp:attachment":[{"href":"https:\/\/hospitaldechillan.cl\/web\/wp-json\/wp\/v2\/media?parent=3639"}],"wp:term":[{"taxonomy":"category","embeddable":true,"href":"https:\/\/hospitaldechillan.cl\/web\/wp-json\/wp\/v2\/categories?post=3639"},{"taxonomy":"post_tag","embeddable":true,"href":"https:\/\/hospitaldechillan.cl\/web\/wp-json\/wp\/v2\/tags?post=3639"}],"curies":[{"name":"wp","href":"https:\/\/api.w.org\/{rel}","templated":true}]}}