{"id":3398,"date":"2017-08-30T17:05:02","date_gmt":"2017-08-30T21:05:02","guid":{"rendered":"http:\/\/hospitaldechillan.cl\/web\/?p=3398"},"modified":"2017-08-30T17:13:48","modified_gmt":"2017-08-30T21:13:48","slug":"hijos-de-funcionarios-mostraron-toda-su-impronta-en-la-segunda-version-del-festival-de-la-voz-infantil","status":"publish","type":"post","link":"https:\/\/hospitaldechillan.cl\/web\/hijos-de-funcionarios-mostraron-toda-su-impronta-en-la-segunda-version-del-festival-de-la-voz-infantil\/","title":{"rendered":"Hijos de funcionarios mostraron toda su impronta en la Segunda versi\u00f3n del Festival de la Voz Infantil"},"content":{"rendered":"<p>El talento no tiene edad y los hijos de los funcionarios as\u00ed lo demostraron en la exitosa Segunda versi\u00f3n del Festival de la Voz Infantil en la que participaron ni\u00f1os entre 7 \u00a0y 13 a\u00f1os de edad, quienes deleitaron a los asistentes y enorgullecieron a unos emocionados padres.<\/p>\n<p>Durante el certamen musical, que se realiz\u00f3 en el auditorio del Hospital Cl\u00ednico Herminda Mart\u00edn de Chill\u00e1n (HCHM), los asistentes pudieron apreciar todo el talento de las promesas de la canci\u00f3n, adem\u00e1s de disfrutar de la presentaci\u00f3n de los campeones comunales de cueca y de un baile de salsa interpretado por Aileen Llant\u00e9n y Eduardo Briones.<\/p>\n<p>La ganadora del primer lugar, que consiste en la grabaci\u00f3n de un tema musical en estudio, fue Catalina Carrasco Medina, quien interpret\u00f3 \u00b4Tu falta de querer\u2019 de la artista nacional Mon Laferte, en tanto \u00a0el segundo lugar y mejor int\u00e9rprete lo obtuvo Sof\u00eda Gatica Troncoso con la canci\u00f3n \u2018Yes I do\u2019 de Chiana Parravicini. Mientras que Lissete Olmedo S\u00e1nchez fue premiada con el tercer lugar tras interpretar \u2018Amor completo\u2019 de Mon Laferte.<\/p>\n<p><img loading=\"lazy\" decoding=\"async\" class=\"alignnone size-medium wp-image-3400\" src=\"https:\/\/hospitaldechillan.cl\/web\/wp-content_Hos\/uploads\/2017\/08\/web-2-2-640x360.jpg\" alt=\"web 2\" width=\"640\" height=\"360\" srcset=\"https:\/\/hospitaldechillan.cl\/web\/wp-content\/uploads\/2017\/08\/web-2-2-640x360.jpg 640w, https:\/\/hospitaldechillan.cl\/web\/wp-content\/uploads\/2017\/08\/web-2-2-768x432.jpg 768w, https:\/\/hospitaldechillan.cl\/web\/wp-content\/uploads\/2017\/08\/web-2-2-1200x675.jpg 1200w, https:\/\/hospitaldechillan.cl\/web\/wp-content\/uploads\/2017\/08\/web-2-2.jpg 1600w\" sizes=\"auto, (max-width: 640px) 100vw, 640px\" \/><\/p>\n<p>La flamante ganadora de la jornada, Catalina Carrasco, valor\u00f3 la instancia y emocionada se\u00f1al\u00f3: \u201cMe siento muy feliz de participar en el concurso y me motiva mucho poder haber obtenido el primer lugar. Sin duda volver\u00eda a cantar porque\u00a0 me entretuve ac\u00e1 en el Hospital\u201d, coment\u00f3 la estudiante y joven promesa de tan s\u00f3lo 11 a\u00f1os.<\/p>\n<p>Tal como expres\u00f3, Erika Gonz\u00e1lez Valenzuela, vicepresidenta de la Fenats y organizadora de la segunda versi\u00f3n del Festival de la Voz Infantil, \u201cla actividad que fue financiada por el Servicio de Bienestar cumpli\u00f3 con todas las expectativas, pues se logr\u00f3 cautivar a la comunidad hospitalaria que vivi\u00f3 una tarde distinta junto a sus familiares, lo que nos deja muy felices ya que nos esforzamos y trabajamos mucho por concretar esta iniciativa que por segundo a\u00f1o permite conciliar el trabajo con la familia\u201d.<\/p>\n<p>El jurado estuvo compuesto por el Director del HCHM, Dr. Rodrigo Avenda\u00f1o Brandeis, la Profesora de M\u00fasica, Ana Mar\u00eda Arias Lagos y el M\u00fasico Tecladista Fernando Flores.<\/p>\n<p>&nbsp;<\/p>\n","protected":false},"excerpt":{"rendered":"<p>Los peque\u00f1os artistas deleitaron con sus voces en la sana competencia que incentiv\u00f3 la m\u00fasica y la cultura en el Hospital.<\/p>\n","protected":false},"author":3,"featured_media":3399,"comment_status":"open","ping_status":"closed","sticky":false,"template":"","format":"standard","meta":{"_acf_changed":false,"_monsterinsights_skip_tracking":false,"_monsterinsights_sitenote_active":false,"_monsterinsights_sitenote_note":"","_monsterinsights_sitenote_category":0,"footnotes":""},"categories":[4],"tags":[],"class_list":["post-3398","post","type-post","status-publish","format-standard","has-post-thumbnail","hentry","category-noticias"],"acf":[],"publishpress_future_action":{"enabled":false,"date":"2026-05-06 16:21:20","action":"change-status","newStatus":"draft","terms":[],"taxonomy":"category","extraData":[]},"publishpress_future_workflow_manual_trigger":{"enabledWorkflows":[]},"_links":{"self":[{"href":"https:\/\/hospitaldechillan.cl\/web\/wp-json\/wp\/v2\/posts\/3398","targetHints":{"allow":["GET"]}}],"collection":[{"href":"https:\/\/hospitaldechillan.cl\/web\/wp-json\/wp\/v2\/posts"}],"about":[{"href":"https:\/\/hospitaldechillan.cl\/web\/wp-json\/wp\/v2\/types\/post"}],"author":[{"embeddable":true,"href":"https:\/\/hospitaldechillan.cl\/web\/wp-json\/wp\/v2\/users\/3"}],"replies":[{"embeddable":true,"href":"https:\/\/hospitaldechillan.cl\/web\/wp-json\/wp\/v2\/comments?post=3398"}],"version-history":[{"count":0,"href":"https:\/\/hospitaldechillan.cl\/web\/wp-json\/wp\/v2\/posts\/3398\/revisions"}],"wp:featuredmedia":[{"embeddable":true,"href":"https:\/\/hospitaldechillan.cl\/web\/wp-json\/wp\/v2\/media\/3399"}],"wp:attachment":[{"href":"https:\/\/hospitaldechillan.cl\/web\/wp-json\/wp\/v2\/media?parent=3398"}],"wp:term":[{"taxonomy":"category","embeddable":true,"href":"https:\/\/hospitaldechillan.cl\/web\/wp-json\/wp\/v2\/categories?post=3398"},{"taxonomy":"post_tag","embeddable":true,"href":"https:\/\/hospitaldechillan.cl\/web\/wp-json\/wp\/v2\/tags?post=3398"}],"curies":[{"name":"wp","href":"https:\/\/api.w.org\/{rel}","templated":true}]}}