{"id":334,"date":"2013-09-26T16:35:12","date_gmt":"2013-09-26T20:35:12","guid":{"rendered":"http:\/\/hospitaldechillan.cl\/web\/?p=334"},"modified":"2014-08-15T16:38:24","modified_gmt":"2014-08-15T20:38:24","slug":"danza-moderna-y-poesia-ilumino-el-escenario-del-auditorio-german-villagran","status":"publish","type":"post","link":"https:\/\/hospitaldechillan.cl\/web\/danza-moderna-y-poesia-ilumino-el-escenario-del-auditorio-german-villagran\/","title":{"rendered":"Danza Moderna y poes\u00eda ilumin\u00f3 el escenario del Auditorio Germ\u00e1n Villagr\u00e1n"},"content":{"rendered":"<p>Un nuevo espect\u00e1culo lleg\u00f3 a las tablas del Hospital Cl\u00ednico Herminda Mart\u00edn el pasado viernes 27 de septiembre a las 19 horas en el Auditorio Germ\u00e1n Villagr\u00e1n, oportunidad en que el Elenco de Danza Moderna de la Universidad Cat\u00f3lica de la Sant\u00edsima Concepci\u00f3n (UCSC) present\u00f3 el Montaje Siluetas del Alma y Collage de Pueblos Imaginarios.<\/p>\n<p>El grupo de danza de la UCSC, bajo la direcci\u00f3n de la bailarina y docente Sonia Pe\u00f1a Valenzuela, contempla a 18 bailarines que son estudiantes de diferentes carreras y tambi\u00e9n ex alumnos de la casa de estudios. \u201cA todos ellos los une el inter\u00e9s com\u00fan por la danza. Esta actividad se origina a partir del a\u00f1o 2000 con un enfoque educativo y adem\u00e1s con el objetivo de poner la danza al alcance de todos\u201d, puntualiz\u00f3 la directora.<\/p>\n<p>El montaje que se present\u00f3 const\u00f3 de dos partes. La primera inspirada en la poes\u00eda de Marcia Sevilla Pierart, poeta emergente de Concepci\u00f3n, en la que se alterna la lectura po\u00e9tica realizada por el docente de Lenguaje y Comunicaci\u00f3n de la UCSC, Jorge Rosas; y danzas que est\u00e1n estructuradas con seis coreograf\u00edas que reflejan los sentimientos profundos de lo humano y de la sensualidad propia del texto de la poeta. Los poemas se intercalan entre las danzas en la voz de Jorge Rosas, docente de la carrera de Lenguaje y Comunicaci\u00f3n de la UCSC.<\/p>\n<p>Sonia Pe\u00f1a resalt\u00f3 que \u201cla danza, por su car\u00e1cter social complementa la formaci\u00f3n general de los estudiantes y fortalece la expresi\u00f3n y la comunicaci\u00f3n, cualidades muy necesarias en el mundo hoy\u201d. La segunda parte, en tanto, forma parte de la obra del 2009 \u201cPueblos Originarios\u201d en la que se reconocen los pueblos latinoamericanos, con ritmos de la Am\u00e9rica morena. En ella se cuentan cinco coreograf\u00edas: Bahianas, Arrorro, Violetas, Despedida, Fuego de amor, en la que destacan musicalizaciones de artistas connotados de nuestro continente como Mercedes Sosa.<\/p>\n<p>\u201cNosotros como elenco nos hemos presentado en otras oportunidades en el Teatro Municipal de Chill\u00e1n, con una amplia convocatoria, ya que nuestros espect\u00e1culos est\u00e1n pensados en p\u00fablicos de distintas edades\u201d, acot\u00f3 Pe\u00f1a.<\/p>\n<p>La obra tiene una duraci\u00f3n aproximada de una hora y lleg\u00f3 a nuestra ciudad con el apoyo de la Agrupaci\u00f3n Cultural Do\u00f1a Herminda.<\/p>\n","protected":false},"excerpt":{"rendered":"<p>El elenco de la Universidad Cat\u00f3lica de la Sant\u00edsima Concepci\u00f3n, present\u00f3 el montaje Siluetas del Alma y Collage de Pueblos Imaginarios.<\/p>\n","protected":false},"author":2,"featured_media":335,"comment_status":"open","ping_status":"closed","sticky":false,"template":"","format":"standard","meta":{"_acf_changed":false,"_monsterinsights_skip_tracking":false,"footnotes":""},"categories":[4],"tags":[],"class_list":["post-334","post","type-post","status-publish","format-standard","has-post-thumbnail","hentry","category-noticias"],"acf":[],"publishpress_future_action":{"enabled":false,"date":"2026-09-13 04:55:43","action":"change-status","newStatus":"draft","terms":[],"taxonomy":"category","extraData":[]},"publishpress_future_workflow_manual_trigger":{"enabledWorkflows":[]},"_links":{"self":[{"href":"https:\/\/hospitaldechillan.cl\/web\/wp-json\/wp\/v2\/posts\/334","targetHints":{"allow":["GET"]}}],"collection":[{"href":"https:\/\/hospitaldechillan.cl\/web\/wp-json\/wp\/v2\/posts"}],"about":[{"href":"https:\/\/hospitaldechillan.cl\/web\/wp-json\/wp\/v2\/types\/post"}],"author":[{"embeddable":true,"href":"https:\/\/hospitaldechillan.cl\/web\/wp-json\/wp\/v2\/users\/2"}],"replies":[{"embeddable":true,"href":"https:\/\/hospitaldechillan.cl\/web\/wp-json\/wp\/v2\/comments?post=334"}],"version-history":[{"count":0,"href":"https:\/\/hospitaldechillan.cl\/web\/wp-json\/wp\/v2\/posts\/334\/revisions"}],"wp:featuredmedia":[{"embeddable":true,"href":"https:\/\/hospitaldechillan.cl\/web\/wp-json\/wp\/v2\/media\/335"}],"wp:attachment":[{"href":"https:\/\/hospitaldechillan.cl\/web\/wp-json\/wp\/v2\/media?parent=334"}],"wp:term":[{"taxonomy":"category","embeddable":true,"href":"https:\/\/hospitaldechillan.cl\/web\/wp-json\/wp\/v2\/categories?post=334"},{"taxonomy":"post_tag","embeddable":true,"href":"https:\/\/hospitaldechillan.cl\/web\/wp-json\/wp\/v2\/tags?post=334"}],"curies":[{"name":"wp","href":"https:\/\/api.w.org\/{rel}","templated":true}]}}