{"id":3193,"date":"2017-06-01T15:48:12","date_gmt":"2017-06-01T19:48:12","guid":{"rendered":"http:\/\/hospitaldechillan.cl\/web\/?p=3193"},"modified":"2017-06-05T15:55:21","modified_gmt":"2017-06-05T19:55:21","slug":"especialistas-revisaron-causas-y-tratamientos-del-mal-rendimiento-escolar-en-jornada-de-neuropsiquiatria-infantil","status":"publish","type":"post","link":"https:\/\/hospitaldechillan.cl\/web\/especialistas-revisaron-causas-y-tratamientos-del-mal-rendimiento-escolar-en-jornada-de-neuropsiquiatria-infantil\/","title":{"rendered":"Especialistas revisaron causas y tratamientos del mal rendimiento escolar en Jornada de Neuropsiquiatr\u00eda Infantil"},"content":{"rendered":"<p>M\u00e1s de un centenar de profesionales de la red asistencial \u00d1uble participaron en la s\u00e9ptima versi\u00f3n de la Jornada de Neuropsiquiatr\u00eda Infantil, que organiz\u00f3 el servicio de la misma especialidad del Hospital Cl\u00ednico Herminda Mart\u00edn de Chill\u00e1n (HCHM), con el objetivo de \u00a0articular la comunicaci\u00f3n entre profesionales de la atenci\u00f3n primaria de la red asistencial para el tratamiento adecuado de los pacientes con patolog\u00edas neurol\u00f3gicas y psiqui\u00e1tricas.<\/p>\n<p>Seg\u00fan expres\u00f3 la coordinadora de la actividad, Neur\u00f3loga Dra. Carolina Coria, junto con actualizar conocimientos esta instancia permite \u201creunir a diferente profesionales de la salud m\u00e9dicos, fonoaudi\u00f3logos, kinesi\u00f3logos, psic\u00f3logos y terapeutas ocupacionales, pues son\u00a0 profesiones afines que se relacionan con el tratamiento integral que necesitan nuestros pacientes\u201d, enfatiz\u00f3 la Dra. Coria.<\/p>\n<p>Una de las tem\u00e1ticas analizadas durante el evento fue el mal rendimiento escolar que seg\u00fan explic\u00f3 la especialista, tiene m\u00faltiples causas y es una de las consultas frecuentes en la atenci\u00f3n ambulatoria. La tem\u00e1tica fue abordada, por la neur\u00f3loga Elba Contreras del Hospital de San Carlos, la psic\u00f3loga Mar\u00eda Isabel Inostroza y la psiquiatra infantil Claudia Quezada, especialista del HCHM.<\/p>\n<p>Tal como lo precis\u00f3 la Dra. Quezada, el bajo rendimiento escolar es un problema frecuente, cuyas causas son m\u00faltiples y van desde una modalidad inadecuada de ense\u00f1anza, malos h\u00e1bitos de estudio hasta un cuadro cl\u00ednico. \u201cLos s\u00edntomas que pueden observar los padres en ni\u00f1os con bajo rendimiento son muy variados, los m\u00e1s usuales son hiperactividad, desatenci\u00f3n, mal comportamiento, rechazo de asistir al colegio, tristeza, nerviosismo y excesiva preocupaci\u00f3n, ante estas situaciones es importante consultar a un m\u00e9dico que determine si existe una condici\u00f3n cl\u00ednica y que atenci\u00f3n especializada requiere (psic\u00f3logo, neur\u00f3logo, psicopedagogo, terapeuta ocupacional, psiquiatra), puesto que se requiere de un manejo integral\u201d, apunt\u00f3.<\/p>\n<p>Adem\u00e1s destac\u00f3 que en algunos casos, se requiere de un tratamiento farmacol\u00f3gico, trabajo con los padres y con el establecimiento educacional, puesto que \u201clas diferentes dificultades de aprendizaje que un ni\u00f1o puede manifestar est\u00e1n determinadas por sus caracter\u00edsticas personales, de su familia y las de la escuela. Por eso es importante fomentar la autoestima de los ni\u00f1os, potenciando otras \u00e1reas en que puedan sentirse exitosos, como son las actividades extra program\u00e1ticas, felicitarlos por sus logros en todos los \u00e1mbitos y hacerlos sentir amados m\u00e1s all\u00e1 de su rendimiento acad\u00e9mico y su comportamiento\u201d, manifest\u00f3 la psiquiatra infantil.<\/p>\n<p><strong>UN ACTOR FUNDAMENTAL EN DETECCI\u00d3N Y TRATAMIENTO <\/strong><\/p>\n<p>El establecimiento educacional que el ni\u00f1o integra tiene un rol fundamental en el desarrollo de los menores, ya que seg\u00fan explicaron los especialistas los ni\u00f1os pasan gran parte del tiempo en el colegio, por lo que se establecen v\u00ednculos estrechos con los educadores, quienes son aliados estrat\u00e9gicos en la detecci\u00f3n y tratamiento del bajo rendimiento, recomendando que las escuelas cuenten con cursos peque\u00f1os, que los ni\u00f1os con esta condici\u00f3n o cuadro cl\u00ednico se siente en los primeros puestos y que puedan tomar un descanso cuando se desconcentren\u201d.<\/p>\n<p>En muchos casos, est\u00e1 asociado a diversos trastornos como el \u00a0D\u00e9ficit de Atenci\u00f3n e Hiperactividad (TDAH), Espec\u00edficos del Aprendizaje, Hipoacusia, visuales, discapacidad intelectual, trastornos generalizados del desarrollo (TDG), depresi\u00f3n, entre otros. De acuerdo, con la especialista estas asociaciones, que se consideran las causas del bajo rendimiento, hacen fundamental que los casos sean evaluados por un m\u00e9dico, ya que tambi\u00e9n de ello depender\u00e1 si requiere un tratamiento permanente o transitorio.<\/p>\n<p>Otros de los t\u00f3picos abordados fueron la Identidad de G\u00e9nero, expuesto por las psiquiatras Andrea Arriagada y Scarleth Aravena; y el protocolo de Cef\u00e1lea en el Ni\u00f1o, que fue analizado por la Dra. Carolina Coria.<\/p>\n<p>&nbsp;<\/p>\n<p>&nbsp;<\/p>\n","protected":false},"excerpt":{"rendered":"<p>Es un motivo de consulta frecuente en la atenci\u00f3n ambulatoria y puede tener m\u00faltiples causas que lo originen, que determinar\u00e1n su tratamiento y la duraci\u00f3n del mismo. Adem\u00e1s requiere de un manejo integral con apoyo de diversos profesionales, los padres y tambi\u00e9n de la escuela. <\/p>\n","protected":false},"author":3,"featured_media":3196,"comment_status":"open","ping_status":"closed","sticky":false,"template":"","format":"standard","meta":{"_acf_changed":false,"_monsterinsights_skip_tracking":false,"_monsterinsights_sitenote_active":false,"_monsterinsights_sitenote_note":"","_monsterinsights_sitenote_category":0,"footnotes":""},"categories":[4],"tags":[],"class_list":["post-3193","post","type-post","status-publish","format-standard","has-post-thumbnail","hentry","category-noticias"],"acf":[],"publishpress_future_action":{"enabled":false,"date":"2026-05-06 06:58:23","action":"change-status","newStatus":"draft","terms":[],"taxonomy":"category","extraData":[]},"publishpress_future_workflow_manual_trigger":{"enabledWorkflows":[]},"_links":{"self":[{"href":"https:\/\/hospitaldechillan.cl\/web\/wp-json\/wp\/v2\/posts\/3193","targetHints":{"allow":["GET"]}}],"collection":[{"href":"https:\/\/hospitaldechillan.cl\/web\/wp-json\/wp\/v2\/posts"}],"about":[{"href":"https:\/\/hospitaldechillan.cl\/web\/wp-json\/wp\/v2\/types\/post"}],"author":[{"embeddable":true,"href":"https:\/\/hospitaldechillan.cl\/web\/wp-json\/wp\/v2\/users\/3"}],"replies":[{"embeddable":true,"href":"https:\/\/hospitaldechillan.cl\/web\/wp-json\/wp\/v2\/comments?post=3193"}],"version-history":[{"count":0,"href":"https:\/\/hospitaldechillan.cl\/web\/wp-json\/wp\/v2\/posts\/3193\/revisions"}],"wp:featuredmedia":[{"embeddable":true,"href":"https:\/\/hospitaldechillan.cl\/web\/wp-json\/wp\/v2\/media\/3196"}],"wp:attachment":[{"href":"https:\/\/hospitaldechillan.cl\/web\/wp-json\/wp\/v2\/media?parent=3193"}],"wp:term":[{"taxonomy":"category","embeddable":true,"href":"https:\/\/hospitaldechillan.cl\/web\/wp-json\/wp\/v2\/categories?post=3193"},{"taxonomy":"post_tag","embeddable":true,"href":"https:\/\/hospitaldechillan.cl\/web\/wp-json\/wp\/v2\/tags?post=3193"}],"curies":[{"name":"wp","href":"https:\/\/api.w.org\/{rel}","templated":true}]}}