{"id":2909,"date":"2017-03-28T13:47:41","date_gmt":"2017-03-28T17:47:41","guid":{"rendered":"http:\/\/hospitaldechillan.cl\/web\/?p=2909"},"modified":"2017-03-28T13:48:16","modified_gmt":"2017-03-28T17:48:16","slug":"ocho-empresas-interesadas-en-adjudicarse-el-diseno-y-construccion-del-nuevo-hospital-provincial","status":"publish","type":"post","link":"https:\/\/hospitaldechillan.cl\/web\/ocho-empresas-interesadas-en-adjudicarse-el-diseno-y-construccion-del-nuevo-hospital-provincial\/","title":{"rendered":"Ocho empresas interesadas en adjudicarse el dise\u00f1o y construcci\u00f3n del nuevo Hospital Provincial"},"content":{"rendered":"<p>Ocho compa\u00f1\u00edas nacionales y extranjeras postularon para adjudicarse el dise\u00f1o y construcci\u00f3n del nuevo Hospital Provincial de \u00d1uble. As\u00ed lo inform\u00f3 el Director del Servicio de Salud \u00d1uble, Iv\u00e1n Paul Espinoza, quien encabez\u00f3 el acto de apertura de las ofertas t\u00e9cnicas y econ\u00f3micas de este gran proyecto de salud, que considera recursos por sobre los 161 mil millones de pesos.<\/p>\n<p>El directivo se mostr\u00f3 satisfecho en esta nueva etapa de la licitaci\u00f3n considerando que particip\u00f3 una empresa m\u00e1s que en el proceso anterior, en el que se recibieron siete postulaciones. Los oferentes presentaron propuestas econ\u00f3micas que van desde 151 mil millones hasta 199 mil millones de pesos.<\/p>\n<p>\u201cSabemos que la comunidad de \u00d1uble est\u00e1 muy expectante, pero tal como lo hemos se\u00f1alado, hemos puesto todo nuestro esfuerzo, coordin\u00e1ndonos de cerca con los equipos del Ministerio de Salud y de Contralor\u00eda y tambi\u00e9n realizando reuniones t\u00e9cnicas con las empresas para apoyarles en la entrega completa y responsable de antecedentes\u201d, se\u00f1al\u00f3 Iv\u00e1n Paul.<\/p>\n<p>El director del Servicio de Salud indic\u00f3 que \u201cpreliminarmente entendemos que todos los oferentes tienen experiencia en la construcci\u00f3n de establecimientos hospitalarios. De manera que haremos un trabajo de evaluaci\u00f3n concienzudo y exhaustivo para ponderar todos los factores y hacer una propuesta de adjudicaci\u00f3n que sea aprobada por Contralor\u00eda\u201d.<\/p>\n<p>Tras esta apertura, la comisi\u00f3n evaluadora conformada por profesionales del Servicio de Salud tiene 30 d\u00edas h\u00e1biles para realizar el an\u00e1lisis detallado de las ofertas. Luego de este paso, la comisi\u00f3n debe emitir un informe con fundamentos t\u00e9cnicos, financieros y jur\u00eddicos para decidir a qu\u00e9 empresa adjudicar.<\/p>\n<p>Iv\u00e1n Paul record\u00f3 que \u201cla oferta econ\u00f3mica no es el \u00fanico elemento para la decisi\u00f3n final, ya que en esta evaluaci\u00f3n se considerar\u00e1n aspectos como la calidad t\u00e9cnica de la propuesta, la capacidad financiera y la experiencia demostrable en el dise\u00f1o de establecimientos hospitalarios de similares caracter\u00edsticas\u201d.<\/p>\n<p>Posterior a \u00e9sta, la instituci\u00f3n enviar\u00e1 los antecedentes a Contralor\u00eda Regional, para la toma de raz\u00f3n de la resoluci\u00f3n que adjudica el proyecto; tr\u00e1mite cuya duraci\u00f3n depender\u00e1 del \u00f3rgano contralor.<\/p>\n<p>El acto administrativo tambi\u00e9n cont\u00f3 con la participaci\u00f3n del Diputado Carlos Abel Jarpa, de miembros del equipo t\u00e9cnico que trabaja en el proyecto y de los profesionales Felipe Espinoza, Monitor de Proyecto del Ministerio de Salud y Marco N\u00fa\u00f1ez, de la divisi\u00f3n de inversiones del Minsal.<\/p>\n<p><strong>Atenci\u00f3n de mayor complejidad<\/strong><\/p>\n<p>El recinto asistencial considera la construcci\u00f3n de m\u00e1s de 100 mil metros cuadrados en los que se dispondr\u00e1 de 530 camas y un centro de salud ambulatoria con 100 box de atenci\u00f3n.\u00a0 La obra permitir\u00e1 aumentar el n\u00famero de camas de mayor complejidad, respondiendo as\u00ed al actual perfil de los problemas de salud. Esto significa pasar de 33 camas cr\u00edticas, disponibles actualmente en el hospital Herminda Mart\u00edn, a 76 en las \u00e1reas de adulto, infantil y neonatal.<\/p>\n<p><strong><br \/>\nM\u00e1s atenci\u00f3n ambulatoria<\/strong><\/p>\n<p>El futuro edificio tambi\u00e9n alojar\u00e1 todos los servicios ambulatorios que actualmente se prestan en el consultorio adosado de especialidades. El \u00e1rea ambulatoria contar\u00e1 con 100 box de atenci\u00f3n\u00a0y procedimientos\u00a0\u00a0 de especialidades m\u00e9dicas y odontol\u00f3gicas. La proyecci\u00f3n es que las atenciones de especialidades aumenten en 40 mil al a\u00f1o.<\/p>\n<p>De los 14 pabellones con que contar\u00e1 el centro de salud, 6 estar\u00e1n destinados a cirug\u00eda mayor ambulatoria,\u00a0llegando a 8 mil los procedimientos de este tipo, el doble de los que actualmente se realizan en el hospital de Chill\u00e1n.<\/p>\n<p>(Fuente: Servicio de Salud \u00d1uble)<\/p>\n","protected":false},"excerpt":{"rendered":"<p>El nuevo proceso de licitaci\u00f3n concit\u00f3 la atenci\u00f3n de un mayor n\u00famero de compa\u00f1\u00edas.<br \/>\nEl 12 de mayo la comisi\u00f3n evaluadora enviar\u00e1 la nueva propuesta a Contralor\u00eda para la toma de raz\u00f3n.<\/p>\n","protected":false},"author":3,"featured_media":2910,"comment_status":"open","ping_status":"closed","sticky":false,"template":"","format":"standard","meta":{"_acf_changed":false,"_monsterinsights_skip_tracking":false,"_monsterinsights_sitenote_active":false,"_monsterinsights_sitenote_note":"","_monsterinsights_sitenote_category":0,"footnotes":""},"categories":[4],"tags":[],"class_list":["post-2909","post","type-post","status-publish","format-standard","has-post-thumbnail","hentry","category-noticias"],"acf":[],"publishpress_future_action":{"enabled":false,"date":"2026-05-06 15:03:08","action":"change-status","newStatus":"draft","terms":[],"taxonomy":"category","extraData":[]},"publishpress_future_workflow_manual_trigger":{"enabledWorkflows":[]},"_links":{"self":[{"href":"https:\/\/hospitaldechillan.cl\/web\/wp-json\/wp\/v2\/posts\/2909","targetHints":{"allow":["GET"]}}],"collection":[{"href":"https:\/\/hospitaldechillan.cl\/web\/wp-json\/wp\/v2\/posts"}],"about":[{"href":"https:\/\/hospitaldechillan.cl\/web\/wp-json\/wp\/v2\/types\/post"}],"author":[{"embeddable":true,"href":"https:\/\/hospitaldechillan.cl\/web\/wp-json\/wp\/v2\/users\/3"}],"replies":[{"embeddable":true,"href":"https:\/\/hospitaldechillan.cl\/web\/wp-json\/wp\/v2\/comments?post=2909"}],"version-history":[{"count":0,"href":"https:\/\/hospitaldechillan.cl\/web\/wp-json\/wp\/v2\/posts\/2909\/revisions"}],"wp:featuredmedia":[{"embeddable":true,"href":"https:\/\/hospitaldechillan.cl\/web\/wp-json\/wp\/v2\/media\/2910"}],"wp:attachment":[{"href":"https:\/\/hospitaldechillan.cl\/web\/wp-json\/wp\/v2\/media?parent=2909"}],"wp:term":[{"taxonomy":"category","embeddable":true,"href":"https:\/\/hospitaldechillan.cl\/web\/wp-json\/wp\/v2\/categories?post=2909"},{"taxonomy":"post_tag","embeddable":true,"href":"https:\/\/hospitaldechillan.cl\/web\/wp-json\/wp\/v2\/tags?post=2909"}],"curies":[{"name":"wp","href":"https:\/\/api.w.org\/{rel}","templated":true}]}}