{"id":285,"date":"2013-07-15T20:35:22","date_gmt":"2013-07-16T00:35:22","guid":{"rendered":"http:\/\/hospitaldechillan.cl\/web\/?p=285"},"modified":"2014-08-15T15:36:33","modified_gmt":"2014-08-15T19:36:33","slug":"hospital-realizo-cuarta-procuracion-de-organos-de-2013","status":"publish","type":"post","link":"https:\/\/hospitaldechillan.cl\/web\/hospital-realizo-cuarta-procuracion-de-organos-de-2013\/","title":{"rendered":"Hospital realiz\u00f3 cuarta procuraci\u00f3n de \u00f3rganos de 2013"},"content":{"rendered":"<p>Una nueva procuraci\u00f3n de \u00f3rganos se realiz\u00f3 anoche, alrededor de las 21 horas, en el Hospital Cl\u00ednico Herminda Mart\u00edn de Chill\u00e1n. Se trata de la cuarta procuraci\u00f3n realizada durante el 2013 y la segunda en los \u00faltimos 11 d\u00edas que se ejecuta en el centro asistencial.<\/p>\n<p>La donante era una mujer de 57 a\u00f1os, residente en Chill\u00e1n, quien ingres\u00f3 al hospital pasadas las 03:00 de la madrugada de este domingo 16 de junio, luego de sufrir un paro cardiorrespiratorio en su domicilio. En el recinto cl\u00ednico, tras los ex\u00e1menes de rigor se confirm\u00f3 una hemorragia cerebral, imposible de tratar incluso con intervenci\u00f3n quir\u00fargica.<\/p>\n<p>La Unidad de Procuraci\u00f3n de \u00f3rganos y tejidos, comenz\u00f3 entonces la estabilizaci\u00f3n de la paciente, previa autorizaci\u00f3n de la familia de la donaci\u00f3n de \u00f3rganos y constataci\u00f3n de muerte cerebral. Durante el procedimiento se extrajo uno de los ri\u00f1ones, el que fue derivado hasta el sistema nacional de priorizaci\u00f3n de \u00f3rganos. La procuraci\u00f3n, que se extendi\u00f3 por m\u00e1s de tres horas, estuvo a cargo del equipo m\u00e9dico del hospital local, dirigido por el m\u00e9dico cirujano Mauricio Vespa.<\/p>\n<p>\u201cAgradecemos a la familia de la paciente, por respetar el deseo de la paciente de ser donante de \u00f3rganos, ya que de esta manera contribuimos a dar vida a otras personas que lo necesitan\u201d, sostuvo la enfermera encargada de la Unidad, Beatriz San Mart\u00edn.<\/p>\n","protected":false},"excerpt":{"rendered":"<p>Extracci\u00f3n de ri\u00f1\u00f3n estuvo a cargo de un equipo m\u00e9dico del centro asistencial local y fue derivado al sistema nacional de priorizaci\u00f3n de \u00f3rganos.<\/p>\n","protected":false},"author":2,"featured_media":286,"comment_status":"open","ping_status":"closed","sticky":false,"template":"","format":"standard","meta":{"_acf_changed":false,"_monsterinsights_skip_tracking":false,"_monsterinsights_sitenote_active":false,"_monsterinsights_sitenote_note":"","_monsterinsights_sitenote_category":0,"footnotes":""},"categories":[4],"tags":[],"class_list":["post-285","post","type-post","status-publish","format-standard","has-post-thumbnail","hentry","category-noticias"],"acf":[],"publishpress_future_action":{"enabled":false,"date":"2026-05-05 10:04:39","action":"change-status","newStatus":"draft","terms":[],"taxonomy":"category","extraData":[]},"publishpress_future_workflow_manual_trigger":{"enabledWorkflows":[]},"_links":{"self":[{"href":"https:\/\/hospitaldechillan.cl\/web\/wp-json\/wp\/v2\/posts\/285","targetHints":{"allow":["GET"]}}],"collection":[{"href":"https:\/\/hospitaldechillan.cl\/web\/wp-json\/wp\/v2\/posts"}],"about":[{"href":"https:\/\/hospitaldechillan.cl\/web\/wp-json\/wp\/v2\/types\/post"}],"author":[{"embeddable":true,"href":"https:\/\/hospitaldechillan.cl\/web\/wp-json\/wp\/v2\/users\/2"}],"replies":[{"embeddable":true,"href":"https:\/\/hospitaldechillan.cl\/web\/wp-json\/wp\/v2\/comments?post=285"}],"version-history":[{"count":0,"href":"https:\/\/hospitaldechillan.cl\/web\/wp-json\/wp\/v2\/posts\/285\/revisions"}],"wp:featuredmedia":[{"embeddable":true,"href":"https:\/\/hospitaldechillan.cl\/web\/wp-json\/wp\/v2\/media\/286"}],"wp:attachment":[{"href":"https:\/\/hospitaldechillan.cl\/web\/wp-json\/wp\/v2\/media?parent=285"}],"wp:term":[{"taxonomy":"category","embeddable":true,"href":"https:\/\/hospitaldechillan.cl\/web\/wp-json\/wp\/v2\/categories?post=285"},{"taxonomy":"post_tag","embeddable":true,"href":"https:\/\/hospitaldechillan.cl\/web\/wp-json\/wp\/v2\/tags?post=285"}],"curies":[{"name":"wp","href":"https:\/\/api.w.org\/{rel}","templated":true}]}}