{"id":2634,"date":"2016-12-01T17:00:48","date_gmt":"2016-12-01T21:00:48","guid":{"rendered":"http:\/\/hospitaldechillan.cl\/web\/?p=2634"},"modified":"2016-12-01T17:00:48","modified_gmt":"2016-12-01T21:00:48","slug":"profesionales-de-la-salud-enfatizaron-en-la-importancia-de-realizarse-el-examen-para-detectar-el-vih","status":"publish","type":"post","link":"https:\/\/hospitaldechillan.cl\/web\/profesionales-de-la-salud-enfatizaron-en-la-importancia-de-realizarse-el-examen-para-detectar-el-vih\/","title":{"rendered":"Profesionales de la Salud enfatizaron en la importancia de realizarse el examen para detectar el VIH"},"content":{"rendered":"<p>Un amplio programa de actividades realiz\u00f3 \u00a0el equipo multidisciplinario del Hospital Cl\u00ednico Herminda Mart\u00edn de Chill\u00e1n (HCHM) pues en conjunto con profesionales del Servicio de Salud \u00d1uble (SS\u00d1) e integrantes de la Fundaci\u00f3n Iguales, conmemoraron el D\u00eda Mundial de la Lucha Contra el SIDA fortaleciendo la prevenci\u00f3n de la enfermedad, promoviendo el control, la inclusi\u00f3n y la no discriminaci\u00f3n de las personas.<\/p>\n<p>Con un di\u00e1logo ciudadano en las dependencias de la Universidad del Biob\u00edo se inici\u00f3 la jornada educativa donde la comunidad y estudiantes de la casa de estudio conversaron con los profesionales, resolvieron dudas y se les facilit\u00f3 material informativo sobre la patolog\u00eda, que de acuerdo a las estad\u00edsticas de ONU SIDA, durante el 2015 en Am\u00e9rica Latina 35 mil j\u00f3venes entre 15 y 24 a\u00f1os se infectaron de VIH, mientras que 210 mil viven con el virus.<\/p>\n<p>En este sentido, el Dr. Walter Garrido, Subdirector de Gesti\u00f3n Asistencial del SS\u00d1 explic\u00f3 que: \u201cpara abordar esta realidad la Organizaci\u00f3n Mundial de la Salud (OMS) cre\u00f3 una estrategia llamada 90-90-90, la cual pretende lograr que el 90 por ciento de la poblaci\u00f3n total que est\u00e1 infectada est\u00e9 diagnosticada, que el 90 por ciento de los diagnosticados est\u00e9n en tratamiento y que el 90 por ciento de quienes est\u00e1n en tratamiento presenten el virus en niveles indetectables\u201d.<\/p>\n<p>Para cumplir con esta medida, seg\u00fan asegur\u00f3 el Subdirector, el Servicio de Salud local form\u00f3 un equipo de trabajo multidisciplinario que aborda de manera hol\u00edstica la patolog\u00eda.<\/p>\n<p>\u201cLa provincia de \u00d1uble dispone de un centro de VIH en el Consultorio de Especialidades del HCHM, cuya atenci\u00f3n es realizada por un equipo interdisciplinario integrado por M\u00e9dicos especialistas, Qu\u00edmico Farmac\u00e9utico, Enfermera, Matrona, Psic\u00f3loga, T\u00e9cnico Param\u00e9dicos y otros profesionales que otorga una completa prestaci\u00f3n, donde actualmente se controlan cerca de 300 personas\u201d, indic\u00f3.<\/p>\n<p>De acuerdo al Informe de situaci\u00f3n \u201cEvoluci\u00f3n VIH\/SIDA 1984-2011\u201d del Ministerio de Salud (Minsal) el principal grupo poblacional afectado son adultos entre 20 y 49 a\u00f1os, espec\u00edficamente el de 30 a 39 a\u00f1os. Adem\u00e1s, existe un aumento considerable en el diagn\u00f3stico de j\u00f3venes entre 15 y 19 a\u00f1os, subiendo de una tasa de 3,5 por ciento, entre 2003 y 2013 a 7 por ciento en 2014.<\/p>\n<p>En este contexto y alineados con la estrategia de la ONU\/SIDA, el m\u00e9dico internista y Jefe del Centro de Atenci\u00f3n VIH \u00d1uble, Christian Esveile, se\u00f1al\u00f3 que la red asistencial ejecuta con \u00e9xito los dos \u00faltimos porcentajes de la propuesta, sin embargo falta mayor compromiso de la comunidad en torno a la prevenci\u00f3n para cumplir con la iniciativa.<\/p>\n<p>\u201cActualmente, de los 300 pacientes que tenemos en control el 97% de ellos est\u00e1 en tratamiento, y de ellos el 93% tiene su carga viral suprimida lo que significa que la terapia ha sido altamente exitosa. No obstante tenemos como meta completar el primer 90% de diagn\u00f3stico, por lo cual hemos realizado diversas intervenciones ciudadanas para poder sensibilizar a la comunidad e invitarlos a que se realicen el examen\u201d, argument\u00f3.<\/p>\n<p>Adem\u00e1s, el experto recalc\u00f3 que: \u201cpara prevenir esta enfermedad es fundamental el uso correcto y sistem\u00e1tico del preservativo en toda relaci\u00f3n sexual y mantener una pareja sexual \u00fanica. A su vez, se recomienda efectuar regularmente el examen de detecci\u00f3n del VIH, que es un test que est\u00e1 disponible para todas las personas en los establecimientos de la red asistencial de \u00d1uble y en caso de dudas existe un tel\u00e9fono, 800 387 800, donde las personas pueden efectuar sus consultas\u201d.<\/p>\n<p><img loading=\"lazy\" decoding=\"async\" class=\"alignnone size-medium wp-image-2636\" src=\"https:\/\/hospitaldechillan.cl\/web\/wp-content_Hos\/uploads\/2016\/12\/web2-640x360.jpg\" alt=\"\" width=\"640\" height=\"360\" srcset=\"https:\/\/hospitaldechillan.cl\/web\/wp-content\/uploads\/2016\/12\/web2-640x360.jpg 640w, https:\/\/hospitaldechillan.cl\/web\/wp-content\/uploads\/2016\/12\/web2-768x432.jpg 768w, https:\/\/hospitaldechillan.cl\/web\/wp-content\/uploads\/2016\/12\/web2-1200x675.jpg 1200w\" sizes=\"auto, (max-width: 640px) 100vw, 640px\" \/><\/p>\n<p>Con el prop\u00f3sito de apoyar la campa\u00f1a educativa, por segundo a\u00f1o integrantes de la Fundaci\u00f3n Iguales se sumaron a la jornada conmemorativa, participaci\u00f3n que fue valorada por los asistentes.<\/p>\n<p>Alen Alegr\u00eda V\u00e1squez, vocero de la fundaci\u00f3n mencion\u00f3 que en paralelo con la prevenci\u00f3n, es necesario derribar el estigma que la comunidad tiene respecto del contagio del virus, pues \u201cesta enfermedad no guarda relaci\u00f3n con la diversidad sexual, sino que es una patolog\u00eda que puede padecerla cualquier persona. Estas instancias son muy importantes para cambiar aquellos\u00a0 prejuicios mediante la educaci\u00f3n, fomentando as\u00ed la no discriminaci\u00f3n\u201d, expres\u00f3.<\/p>\n<p>Por su parte, una de las asistentes del di\u00e1logo ciudadano Karen Lara, estudiante de enfermer\u00eda de la Universidad del Biob\u00edo, valor\u00f3 la instancia que permiti\u00f3 tomar conciencia, resolver dudas y derribar mitos en torno al VIH\/SIDA.<\/p>\n<p>\u201cSon muy beneficiosas estas jornadas donde expertos orientan, educan y comparten con la comunidad, pues permite resolver dudas y hablar con los especialistas sobre una enfermedad que a\u00fan la gente desconoce bastante. Sin lugar a dudas gracias a este tipo de iniciativas la discriminaci\u00f3n hacia quienes padecen la enfermedad disminuir\u00e1\u201d, concluy\u00f3.<\/p>\n<p>&nbsp;<\/p>\n","protected":false},"excerpt":{"rendered":"<p>La comunidad particip\u00f3 de un fruct\u00edfero di\u00e1logo donde profesionales brindaron diversas charlas educativas y orientaron en torno a la enfermedad por la que cerca de 300 personas se controlan en \u00d1uble. <\/p>\n","protected":false},"author":3,"featured_media":2635,"comment_status":"open","ping_status":"closed","sticky":false,"template":"","format":"standard","meta":{"_acf_changed":false,"_monsterinsights_skip_tracking":false,"_monsterinsights_sitenote_active":false,"_monsterinsights_sitenote_note":"","_monsterinsights_sitenote_category":0,"footnotes":""},"categories":[4],"tags":[],"class_list":["post-2634","post","type-post","status-publish","format-standard","has-post-thumbnail","hentry","category-noticias"],"acf":[],"publishpress_future_action":{"enabled":false,"date":"2026-05-06 15:03:35","action":"change-status","newStatus":"draft","terms":[],"taxonomy":"category","extraData":[]},"publishpress_future_workflow_manual_trigger":{"enabledWorkflows":[]},"_links":{"self":[{"href":"https:\/\/hospitaldechillan.cl\/web\/wp-json\/wp\/v2\/posts\/2634","targetHints":{"allow":["GET"]}}],"collection":[{"href":"https:\/\/hospitaldechillan.cl\/web\/wp-json\/wp\/v2\/posts"}],"about":[{"href":"https:\/\/hospitaldechillan.cl\/web\/wp-json\/wp\/v2\/types\/post"}],"author":[{"embeddable":true,"href":"https:\/\/hospitaldechillan.cl\/web\/wp-json\/wp\/v2\/users\/3"}],"replies":[{"embeddable":true,"href":"https:\/\/hospitaldechillan.cl\/web\/wp-json\/wp\/v2\/comments?post=2634"}],"version-history":[{"count":0,"href":"https:\/\/hospitaldechillan.cl\/web\/wp-json\/wp\/v2\/posts\/2634\/revisions"}],"wp:featuredmedia":[{"embeddable":true,"href":"https:\/\/hospitaldechillan.cl\/web\/wp-json\/wp\/v2\/media\/2635"}],"wp:attachment":[{"href":"https:\/\/hospitaldechillan.cl\/web\/wp-json\/wp\/v2\/media?parent=2634"}],"wp:term":[{"taxonomy":"category","embeddable":true,"href":"https:\/\/hospitaldechillan.cl\/web\/wp-json\/wp\/v2\/categories?post=2634"},{"taxonomy":"post_tag","embeddable":true,"href":"https:\/\/hospitaldechillan.cl\/web\/wp-json\/wp\/v2\/tags?post=2634"}],"curies":[{"name":"wp","href":"https:\/\/api.w.org\/{rel}","templated":true}]}}