{"id":2606,"date":"2016-11-29T08:07:59","date_gmt":"2016-11-29T12:07:59","guid":{"rendered":"http:\/\/hospitaldechillan.cl\/web\/?p=2606"},"modified":"2016-11-29T08:09:11","modified_gmt":"2016-11-29T12:09:11","slug":"habilitan-nuevas-dependencias-para-reforzar-procedimientos-policiales-que-se-efectuan-en-los-establecimientos-de-salud","status":"publish","type":"post","link":"https:\/\/hospitaldechillan.cl\/web\/habilitan-nuevas-dependencias-para-reforzar-procedimientos-policiales-que-se-efectuan-en-los-establecimientos-de-salud\/","title":{"rendered":"Habilitan nuevas dependencias para reforzar procedimientos policiales que se efect\u00faan en los establecimientos de salud"},"content":{"rendered":"<p>Directivos del Servicio de Salud \u00d1uble, junto al Teniente Coronel, Rodrigo Bravo, Subprefecto (s) de la Prefectura de Carabineros de \u00d1uble, conocieron los avances de las obras de remodelaci\u00f3n de la Oficina de Carabineros del Hospital Cl\u00ednico Herminda Mart\u00edn y la habilitaci\u00f3n de la nueva sala con la que contar\u00e1 la polic\u00eda uniformada en el SAR del Cesfam Violeta Parra.<\/p>\n<p>Se trata de espacios en los que los funcionarios policiales realizan distintos procedimientos, que van desde constataci\u00f3n de lesiones, hasta el monitoreo y supervisi\u00f3n de la atenci\u00f3n a v\u00edctimas de violencia f\u00edsica y sexual, entre otras.<\/p>\n<p>Walter Garrido, Subdirector de Gesti\u00f3n Asistencial del Servicio de Salud \u00d1uble, lider\u00f3 la visita, junto al Director del Hospital Cl\u00ednico Herminda Mart\u00edn (HCHM) de Chill\u00e1n, Rodrigo Avenda\u00f1o y Andrea Burgos, Subdirectora M\u00e9dica del Cesfam. En la oportunidad, Garrido explic\u00f3 que \u201ca trav\u00e9s de estas mejoras y de la implementaci\u00f3n de una sala para Carabineros en el SAR Violeta Parra, buscamos que tanto los funcionarios de la Polic\u00eda Uniformada, como los usuarios que requieren de las prestaciones que ellos efect\u00faan en los establecimientos de salud, cuenten con espacios m\u00e1s amplios y c\u00f3modos para realizar los distintos procedimientos\u201d.<\/p>\n<p>El directivo puntualiz\u00f3 que el hecho que el SAR cuente con esta sala, donde tambi\u00e9n se realizar\u00e1n las alcoholemias que hasta ahora se realizan en la Unidad de Emergencia del Hospital, har\u00e1 que el proceso sea mucho m\u00e1s r\u00e1pido y en tiempos adecuados posibilitando a ambas instituciones redise\u00f1ar sus procesos y ser m\u00e1s eficientes con los recursos que se cuenta\u201d, asegur\u00f3.<\/p>\n<p>Por su parte, el Dr. Avenda\u00f1o explic\u00f3 parte de las mejoras realizadas en el Hospital.\u00a0\u201cIniciamos obras de remodelaci\u00f3n de la Unidad de Emergencia, las que incluyen la ampliaci\u00f3n de las dependencias destinadas a Carabineros, donde se realizan una serie de procedimientos policiales, muchos de ellos asociados a prestaciones de salud, como por ejemplo constataci\u00f3n de lesiones y alcoholemias, entre otros. Es muy importante que las instituciones que desarrollan un trabajo de colaboraci\u00f3n con el hospital, cuenten con el espacio adecuado para desarrollar su labor, por eso hoy entregamos a Carabineros un lugar m\u00e1s amplio y c\u00f3modo, el que permitir\u00e1 atender a nuestros usuarios con la dignidad que merecen tambi\u00e9n en estas instancias, demostrando adem\u00e1s el fruto de un trabajo conjunto entre instituciones del Estado, que orientan sus esfuerzos por mejorar la calidad del servicio que otorgamos a las personas\u201d, precis\u00f3 el Director del centro asistencial.<\/p>\n<p>Asimismo, el Teniente Coronel Rodrigo Bravo, agradeci\u00f3 la invitaci\u00f3n que le permiti\u00f3 conocer las remozadas y nuevas instalaciones. A su vez, valor\u00f3 la iniciativa que seg\u00fan afirm\u00f3: \u201cpermitir\u00e1 disminuir el tiempo de espera de nuestro personal en el Hospital, lo que har\u00e1 m\u00e1s expedito el proceso y beneficiar\u00e1 a la comunidad de la provincia pues aumentar\u00e1 la presencia de Carabineros en las calles\u201d.<\/p>\n","protected":false},"excerpt":{"rendered":"<p>La implementaci\u00f3n de mejoras en la Unidad de Emergencia y la habilitaci\u00f3n de una sala de carabineros en el Servicio de Atenci\u00f3n Primaria de Urgencia de Alta Resoluci\u00f3n (SAR) del Cesfam Violeta Parra permitir\u00e1 mejorar los espacios f\u00edsicos en que los funcionarios policiales realizan distintos procedimientos.<\/p>\n","protected":false},"author":3,"featured_media":2607,"comment_status":"open","ping_status":"closed","sticky":false,"template":"","format":"standard","meta":{"_acf_changed":false,"_monsterinsights_skip_tracking":false,"_monsterinsights_sitenote_active":false,"_monsterinsights_sitenote_note":"","_monsterinsights_sitenote_category":0,"footnotes":""},"categories":[4],"tags":[],"class_list":["post-2606","post","type-post","status-publish","format-standard","has-post-thumbnail","hentry","category-noticias"],"acf":[],"publishpress_future_action":{"enabled":false,"date":"2026-05-07 08:20:14","action":"change-status","newStatus":"draft","terms":[],"taxonomy":"category","extraData":[]},"publishpress_future_workflow_manual_trigger":{"enabledWorkflows":[]},"_links":{"self":[{"href":"https:\/\/hospitaldechillan.cl\/web\/wp-json\/wp\/v2\/posts\/2606","targetHints":{"allow":["GET"]}}],"collection":[{"href":"https:\/\/hospitaldechillan.cl\/web\/wp-json\/wp\/v2\/posts"}],"about":[{"href":"https:\/\/hospitaldechillan.cl\/web\/wp-json\/wp\/v2\/types\/post"}],"author":[{"embeddable":true,"href":"https:\/\/hospitaldechillan.cl\/web\/wp-json\/wp\/v2\/users\/3"}],"replies":[{"embeddable":true,"href":"https:\/\/hospitaldechillan.cl\/web\/wp-json\/wp\/v2\/comments?post=2606"}],"version-history":[{"count":0,"href":"https:\/\/hospitaldechillan.cl\/web\/wp-json\/wp\/v2\/posts\/2606\/revisions"}],"wp:featuredmedia":[{"embeddable":true,"href":"https:\/\/hospitaldechillan.cl\/web\/wp-json\/wp\/v2\/media\/2607"}],"wp:attachment":[{"href":"https:\/\/hospitaldechillan.cl\/web\/wp-json\/wp\/v2\/media?parent=2606"}],"wp:term":[{"taxonomy":"category","embeddable":true,"href":"https:\/\/hospitaldechillan.cl\/web\/wp-json\/wp\/v2\/categories?post=2606"},{"taxonomy":"post_tag","embeddable":true,"href":"https:\/\/hospitaldechillan.cl\/web\/wp-json\/wp\/v2\/tags?post=2606"}],"curies":[{"name":"wp","href":"https:\/\/api.w.org\/{rel}","templated":true}]}}