{"id":2602,"date":"2016-11-24T16:28:57","date_gmt":"2016-11-24T20:28:57","guid":{"rendered":"http:\/\/hospitaldechillan.cl\/web\/?p=2602"},"modified":"2016-11-25T16:47:35","modified_gmt":"2016-11-25T20:47:35","slug":"unidad-de-neonatologia-conmemoro-dia-internacional-del-nino-prematuro","status":"publish","type":"post","link":"https:\/\/hospitaldechillan.cl\/web\/unidad-de-neonatologia-conmemoro-dia-internacional-del-nino-prematuro\/","title":{"rendered":"Unidad de Neonatolog\u00eda conmemor\u00f3 D\u00eda Internacional del Ni\u00f1o Prematuro"},"content":{"rendered":"<p>La sala de espera del cuarto piso de la Torre de Unidades Cr\u00edticas y Pedi\u00e1tricas, donde se ubica la Unidad de Neonatolog\u00eda del Hospital Cl\u00ednico Herminda Mart\u00edn de Chill\u00e1n (HCHM) se llen\u00f3 de alegr\u00eda, risas y m\u00fasica, para conmemorar el D\u00eda Internacional del Ni\u00f1o Prematuro, que tiene como objetivo resaltar los cuidados que los peque\u00f1os necesitan para tener una mejor calidad de vida.<\/p>\n<p>Cerca de 20 familias que vivieron la experiencia de tener a sus hijos hospitalizados en el Hospital producto de un nacimiento prematuro, es decir antes de las 37 semanas de gestaci\u00f3n o bien, con un peso inferior al kilo y medio y menos de 32 semanas de vida intrauterina (prematuros extremos), compartieron con los funcionarios de Neonatolog\u00eda y recordaron el proceso que les toc\u00f3 vivir posterior al nacimiento de sus hijos.<\/p>\n<p>Enmarcado en ese trabajo diario con los ni\u00f1os y sus familiares, los padres agradecieron toda la labor del personal junto con reconocer los lazos imborrables que esta experiencia forj\u00f3 entre ellos. Tal es el caso de Karin Henr\u00edquez, cuya hija es la prematura m\u00e1s peque\u00f1a de Chile, que pues pes\u00f3 385 gramos cuando naci\u00f3, lo que origin\u00f3 que estuviera m\u00e1s de 4 meses hospitalizada. Actualmente, ella tiene 3 a\u00f1os y su madre, agradece el apoyo recibido por el Establecimiento pues \u201csiento que en el Hospital est\u00e1n las otras mam\u00e1s de mis hijos, porque ellas se encargaron de darles sus primeros alimentos, de mudarlos, entregarles cari\u00f1o y cuidados necesarios para la vida normal que llevan ahora\u201d, asegur\u00f3 Henr\u00edquez.<\/p>\n<p>Julio Salas C\u00e1rcamo, Neonat\u00f3logo y m\u00e9dico jefe de la Unidad, resalt\u00f3 que debido a su prematurez, estos pacientes requieren m\u00e1s cuidados y controles permanentes con especialistas. \u201cDespu\u00e9s de un largo per\u00edodo hospitalizado, que se da desde el nacimiento y a veces se extiende durante los primeros tres meses de vida, viene otro per\u00edodo que se caracteriza por los controles de salud para prevenir y detectar probables secuelas. Su primer a\u00f1o de vida es el m\u00e1s cr\u00edtico, por eso recomendamos que permanezcan siempre con sus madres para que ellas puedan monitorear su evoluci\u00f3n\u201d, asegur\u00f3 el Dr. Salas.<\/p>\n<p><img loading=\"lazy\" decoding=\"async\" class=\"alignnone size-medium wp-image-2604\" src=\"https:\/\/hospitaldechillan.cl\/web\/wp-content_Hos\/uploads\/2016\/11\/22-640x360.jpg\" alt=\"\" width=\"640\" height=\"360\" srcset=\"https:\/\/hospitaldechillan.cl\/web\/wp-content\/uploads\/2016\/11\/22-640x360.jpg 640w, https:\/\/hospitaldechillan.cl\/web\/wp-content\/uploads\/2016\/11\/22-768x432.jpg 768w, https:\/\/hospitaldechillan.cl\/web\/wp-content\/uploads\/2016\/11\/22-1200x675.jpg 1200w, https:\/\/hospitaldechillan.cl\/web\/wp-content\/uploads\/2016\/11\/22.jpg 1600w\" sizes=\"auto, (max-width: 640px) 100vw, 640px\" \/><\/p>\n<p>Seg\u00fan explic\u00f3 la enfermera supervisora de la Unidad de Neonatolog\u00eda, Patricia Torres Albarr\u00e1n, el equipo humano est\u00e1 preparado para entregar los cuidados necesarios al ni\u00f1o junto con fomentar el apego y el acompa\u00f1amiento de sus familiares. \u201cNos preocupamos de entregar informaci\u00f3n clara sobre la condici\u00f3n de sus hijos y darles la oportunidad de visitarlos y hasta cantarles si as\u00ed lo desean. Cuando ya est\u00e1n m\u00e1s estables, se les brindan charlas para que al recibir el alta m\u00e9dica, se les haga m\u00e1s f\u00e1cil atenderlos en casa y est\u00e9n seguros de que lo est\u00e1n haciendo de la manera correcta. Adem\u00e1s actualmente contamos con un lactario que permite asegurar la lactancia materna de los peque\u00f1os\u201d, enfatiz\u00f3 la profesional.<\/p>\n<p>Se estima que en Chile cada a\u00f1o nacen alrededor de 240.000 ni\u00f1os, y de ellos, cerca de 2% son peque\u00f1os que llegan al mundo pesando menos de 1,5 kilos y una gestaci\u00f3n inferior a las 32 semanas.<\/p>\n<p>En el Hospital Cl\u00ednico Herminda Mart\u00edn de Chill\u00e1n, se atienden m\u00e1s de 3 mil partos al a\u00f1o, de los cuales aproximadamente un promedio de 70 casos considera a reci\u00e9n nacidos que no completaron los nueve meses de embarazo.<\/p>\n<p>&nbsp;<\/p>\n<p>&nbsp;<\/p>\n","protected":false},"excerpt":{"rendered":"<p>Pacientes, familiares y funcionarios compartieron inolvidable jornada donde adem\u00e1s difundieron la importancia de los cuidados a estos peque\u00f1os. <\/p>\n","protected":false},"author":3,"featured_media":2603,"comment_status":"open","ping_status":"closed","sticky":false,"template":"","format":"standard","meta":{"_acf_changed":false,"_monsterinsights_skip_tracking":false,"_monsterinsights_sitenote_active":false,"_monsterinsights_sitenote_note":"","_monsterinsights_sitenote_category":0,"footnotes":""},"categories":[4],"tags":[],"class_list":["post-2602","post","type-post","status-publish","format-standard","has-post-thumbnail","hentry","category-noticias"],"acf":[],"publishpress_future_action":{"enabled":false,"date":"2026-05-06 14:51:13","action":"change-status","newStatus":"draft","terms":[],"taxonomy":"category","extraData":[]},"publishpress_future_workflow_manual_trigger":{"enabledWorkflows":[]},"_links":{"self":[{"href":"https:\/\/hospitaldechillan.cl\/web\/wp-json\/wp\/v2\/posts\/2602","targetHints":{"allow":["GET"]}}],"collection":[{"href":"https:\/\/hospitaldechillan.cl\/web\/wp-json\/wp\/v2\/posts"}],"about":[{"href":"https:\/\/hospitaldechillan.cl\/web\/wp-json\/wp\/v2\/types\/post"}],"author":[{"embeddable":true,"href":"https:\/\/hospitaldechillan.cl\/web\/wp-json\/wp\/v2\/users\/3"}],"replies":[{"embeddable":true,"href":"https:\/\/hospitaldechillan.cl\/web\/wp-json\/wp\/v2\/comments?post=2602"}],"version-history":[{"count":0,"href":"https:\/\/hospitaldechillan.cl\/web\/wp-json\/wp\/v2\/posts\/2602\/revisions"}],"wp:featuredmedia":[{"embeddable":true,"href":"https:\/\/hospitaldechillan.cl\/web\/wp-json\/wp\/v2\/media\/2603"}],"wp:attachment":[{"href":"https:\/\/hospitaldechillan.cl\/web\/wp-json\/wp\/v2\/media?parent=2602"}],"wp:term":[{"taxonomy":"category","embeddable":true,"href":"https:\/\/hospitaldechillan.cl\/web\/wp-json\/wp\/v2\/categories?post=2602"},{"taxonomy":"post_tag","embeddable":true,"href":"https:\/\/hospitaldechillan.cl\/web\/wp-json\/wp\/v2\/tags?post=2602"}],"curies":[{"name":"wp","href":"https:\/\/api.w.org\/{rel}","templated":true}]}}