{"id":2553,"date":"2016-11-14T15:47:07","date_gmt":"2016-11-14T19:47:07","guid":{"rendered":"http:\/\/hospitaldechillan.cl\/web\/?p=2553"},"modified":"2016-11-14T15:47:07","modified_gmt":"2016-11-14T19:47:07","slug":"promueven-la-vida-saludable-para-prevenir-la-diabetes-y-sus-complicaciones","status":"publish","type":"post","link":"https:\/\/hospitaldechillan.cl\/web\/promueven-la-vida-saludable-para-prevenir-la-diabetes-y-sus-complicaciones\/","title":{"rendered":"Promueven la vida saludable para prevenir la Diabetes y sus complicaciones"},"content":{"rendered":"<p>En el marco de la conmemoraci\u00f3n del D\u00eda Mundial de la Diabetes, profesionales del Servicio de Salud \u00d1uble y del Hospital Cl\u00ednico Herminda Mart\u00edn de Chill\u00e1n hicieron un llamado a la comunidad a prevenir esta patolog\u00eda, que en \u00d1uble registra a 31. 247 personas en control en los centros de salud p\u00fablicos.<\/p>\n<p>El Director del Servicio de Salud \u00d1uble, Iv\u00e1n Paul, explic\u00f3 que existen distintos tipos de diabetes, cuyas causas tambi\u00e9n son diversas, en el caso de la tipo 2, su origen es una vida poco saludable, malos h\u00e1bitos alimentarios y obesidad. Este tipo es hereditaria, lo cual, en parte explica tambi\u00e9n el gran n\u00famero de pacientes. En este sentido, el sobrepeso, antecedentes familiares o el aumento notorio de la circunferencia abdominal, al medirse la cintura, son signos suficientes para realizarse un control preventivo y detectar a tiempo esta enfermedad.<br \/>\n El facultativo precis\u00f3 que \u201cla diabetes es una patolog\u00eda cr\u00f3nica, es decir, dura toda la vida. Sin embargo, los pacientes que cuentan con un tratamiento adecuado y h\u00e1bitos saludables, que incluyan una dieta equilibrada, pr\u00e1ctica regular de actividad f\u00edsica y chequeos de salud peri\u00f3dicos, pueden retrasar o disminuir las complicaciones y permiten que el paciente tenga una mejor calidad de vida.  Cabe destacar que tanto la diabetes tipo 1 y 2 est\u00e1n incorporadas al AUGE y tienen diagn\u00f3stico y tratamiento garantizado.<\/p>\n<p>Marcela Rodr\u00edguez, Enfermera de la Unidad de Diabetes del Consultorio de Especialidades del Hospital Cl\u00ednico Herminda Mart\u00edn, apunt\u00f3 que \u201cesta enfermedad tiene complicaciones agudas y cr\u00f3nicas, pero las que m\u00e1s les afectan son \u00e9stas \u00faltimas y esas son Retinopat\u00eda diab\u00e9tica, nefropat\u00eda, neuropat\u00eda y afecciones cardiovasculares\u201d.<\/p>\n<p>Este a\u00f1o el eslogan de la conmemoraci\u00f3n del D\u00eda Mundial de la enfermedad es Ojo con la diabetes, y lo que busca es que las personas pongan atenci\u00f3n a los s\u00edntomas de la enfermedad, porque hay muchos pacientes no diagnosticados, pero tambi\u00e9n \u201chay que poner ojo a las complicaciones cr\u00f3nicas, sobre todo con la retinopat\u00eda que causa ceguera y es posible de prevenir primero que todo haci\u00e9ndose un examen que se llama fondo de ojo y se realiza en la atenci\u00f3n primaria y aqu\u00ed en el Hospital\u201d, explic\u00f3 la profesional. <\/p>\n<p>Asimismo detall\u00f3 que mantener un buen control metab\u00f3lico depende de 4 pilares, \u201cnosotros nos basamos en el tratamiento farmacol\u00f3gico que puede ser oral o la insulina, la realizaci\u00f3n de actividad f\u00edsica de acuerdo a la edad y condiciones del paciente, tener una alimentaci\u00f3n saludable, se les ense\u00f1a que pueden comer y en qu\u00e9 cantidades, y   finalmente la educaci\u00f3n, que sirve para que los pacientes comprendan por qu\u00e9 deben seguir todas las indicaciones anteriores\u201d.<\/p>\n<p>Adem\u00e1s los usuarios y usuarias deben realizarse el examen de medicina preventivo de adulto que es anual, donde se toma la glicemia y se est\u00e1 m\u00e1s atento a quienes tienen antecedentes familiares de diabetes, por el componente hereditario que esta tiene. <\/p>\n<p><strong>F\u00e1rmacos garantizados para el tratamiento de la Diabetes<\/strong><br \/>\nTodas las personas con Diabetes Mellitus Tipo 2 tienen garantizado el acceso oportuno al tratamiento farmacol\u00f3gico para esta enfermedad en la red de atenci\u00f3n primaria a trav\u00e9s del Fondo de Farmacia. <\/p>\n<p>Esta iniciativa es uno de los compromisos presidenciales de la Presidenta Bachelet y se encuentra plenamente operativo en los hospitales comunitarios, centros de salud familiar y postas de salud rural.<\/p>\n<p><strong> Programa Vida Sana<\/strong><br \/>\nAdem\u00e1s del FOFAR, en la red de salud p\u00fablica existen iniciativas como el programa Vida Sana, que buscan anticiparse al da\u00f1o. El objetivo de este programa es intervenir los h\u00e1bitos alimenticios y la condici\u00f3n f\u00edsica de las personas, para prevenir la aparici\u00f3n de enfermedades como la Diabetes Tipo 2 e Hipertensi\u00f3n Arterial en los grupos de mayor riesgo.<br \/>\nVida Sana est\u00e1 dirigido a personas desde los 2 a los 64 a\u00f1os con diagn\u00f3stico nutricional de sobrepeso u obesidad, de pre diabetes o pre hipertensi\u00f3n. Tambi\u00e9n considera a las mujeres que en su \u00faltimo control de embarazo fueron diagnosticadas con obesidad. <\/p>\n","protected":false},"excerpt":{"rendered":"<p>Alimentarse sanamente, practicar regular de actividad f\u00edsica y realizarse chequeos de salud peri\u00f3dicos, y seguir el tratamiento adecuadamente si ya est\u00e1 diagnosticado puede retrasar y\/o disminuir las complicaciones agudas y cr\u00f3nicas de esta enfermedad. <\/p>\n","protected":false},"author":3,"featured_media":2554,"comment_status":"open","ping_status":"closed","sticky":false,"template":"","format":"standard","meta":{"_acf_changed":false,"_monsterinsights_skip_tracking":false,"_monsterinsights_sitenote_active":false,"_monsterinsights_sitenote_note":"","_monsterinsights_sitenote_category":0,"footnotes":""},"categories":[4],"tags":[],"class_list":["post-2553","post","type-post","status-publish","format-standard","has-post-thumbnail","hentry","category-noticias"],"acf":[],"publishpress_future_action":{"enabled":false,"date":"2026-05-09 05:07:42","action":"change-status","newStatus":"draft","terms":[],"taxonomy":"category","extraData":[]},"publishpress_future_workflow_manual_trigger":{"enabledWorkflows":[]},"_links":{"self":[{"href":"https:\/\/hospitaldechillan.cl\/web\/wp-json\/wp\/v2\/posts\/2553","targetHints":{"allow":["GET"]}}],"collection":[{"href":"https:\/\/hospitaldechillan.cl\/web\/wp-json\/wp\/v2\/posts"}],"about":[{"href":"https:\/\/hospitaldechillan.cl\/web\/wp-json\/wp\/v2\/types\/post"}],"author":[{"embeddable":true,"href":"https:\/\/hospitaldechillan.cl\/web\/wp-json\/wp\/v2\/users\/3"}],"replies":[{"embeddable":true,"href":"https:\/\/hospitaldechillan.cl\/web\/wp-json\/wp\/v2\/comments?post=2553"}],"version-history":[{"count":0,"href":"https:\/\/hospitaldechillan.cl\/web\/wp-json\/wp\/v2\/posts\/2553\/revisions"}],"wp:featuredmedia":[{"embeddable":true,"href":"https:\/\/hospitaldechillan.cl\/web\/wp-json\/wp\/v2\/media\/2554"}],"wp:attachment":[{"href":"https:\/\/hospitaldechillan.cl\/web\/wp-json\/wp\/v2\/media?parent=2553"}],"wp:term":[{"taxonomy":"category","embeddable":true,"href":"https:\/\/hospitaldechillan.cl\/web\/wp-json\/wp\/v2\/categories?post=2553"},{"taxonomy":"post_tag","embeddable":true,"href":"https:\/\/hospitaldechillan.cl\/web\/wp-json\/wp\/v2\/tags?post=2553"}],"curies":[{"name":"wp","href":"https:\/\/api.w.org\/{rel}","templated":true}]}}