{"id":2244,"date":"2016-07-01T12:28:32","date_gmt":"2016-07-01T16:28:32","guid":{"rendered":"http:\/\/hospitaldechillan.cl\/web\/?p=2244"},"modified":"2016-07-01T14:48:34","modified_gmt":"2016-07-01T18:48:34","slug":"ministra-de-salud-inauguro-el-escaner-mas-moderno-de-la-region-del-biobio","status":"publish","type":"post","link":"https:\/\/hospitaldechillan.cl\/web\/ministra-de-salud-inauguro-el-escaner-mas-moderno-de-la-region-del-biobio\/","title":{"rendered":"Ministra de Salud inaugur\u00f3 el esc\u00e1ner m\u00e1s moderno de la Regi\u00f3n del Biob\u00edo"},"content":{"rendered":"<p>En su visita por el Establecimiento base de la Red Asistencial de \u00d1uble, la Ministra de Salud, Carmen Castillo Taucher, inaugur\u00f3 el nuevo equipo radiol\u00f3gico con el que cuenta el Hospital Cl\u00ednico Herminda Mart\u00edn de Chill\u00e1n (HCHM).<\/p>\n<p>En la ocasi\u00f3n, la autoridad ministerial fue acompa\u00f1ada por los directores del Servicio de Salud \u00d1uble (SS\u00d1) y el HCHM, quienes la guiaron en un recorrido por el esc\u00e1ner y las dependencias de la remodelada Unidad de Imagenolog\u00eda.<\/p>\n<p>En la oportunidad, los directivos destacaron los beneficios del nuevo tom\u00f3grafo, que permitir\u00e1 realizar estudios de todo el cuerpo humano, transform\u00e1ndose en un gran apoyo para las diversas especialidades gracias los m\u00faltiples procedimientos que se pueden efectuar, como el estudio y confirmaci\u00f3n diagn\u00f3stica de enfermedades neurol\u00f3gicas, traum\u00e1ticas, y oncol\u00f3gicas.<\/p>\n<p>En este sentido, la Secretaria de Estado destac\u00f3 que \u201ccon la puesta en marcha del nuevo esc\u00e1ner, cumplimos con el prop\u00f3sito de acercar la salud a las personas, que ahora cuentan con un Hospital con mayor tecnolog\u00eda para la detecci\u00f3n precoz y tratamiento oportuno de enfermedades complejas, disponiendo adem\u00e1s de las im\u00e1genes tanto en el mismo Hospital, como en los otros establecimientos de la Red Asistencial\u201d, enfatiz\u00f3 la Dra. Castillo.<\/p>\n<p>Al mismo tiempo, la Autoridad de Salud se\u00f1al\u00f3 que \u201cla implementaci\u00f3n de este moderno equipamiento, es reflejo de la preocupaci\u00f3n permanente del Gobierno de la Presidenta Bachelet por mejorar las condiciones de acceso y oportunidad para todos los chilenos y chilenas que ven c\u00f3mo sus centros de salud avanzan y se crecen para brindar una mejor atenci\u00f3n\u201d.<\/p>\n<p><img loading=\"lazy\" decoding=\"async\" class=\"alignnone size-medium wp-image-2248\" src=\"https:\/\/hospitaldechillan.cl\/web\/wp-content_Hos\/uploads\/2016\/07\/web-1-Large-640x360.jpg\" alt=\"web 1 (Large)\" width=\"640\" height=\"360\" srcset=\"https:\/\/hospitaldechillan.cl\/web\/wp-content\/uploads\/2016\/07\/web-1-Large-640x360.jpg 640w, https:\/\/hospitaldechillan.cl\/web\/wp-content\/uploads\/2016\/07\/web-1-Large-768x432.jpg 768w, https:\/\/hospitaldechillan.cl\/web\/wp-content\/uploads\/2016\/07\/web-1-Large-1200x675.jpg 1200w, https:\/\/hospitaldechillan.cl\/web\/wp-content\/uploads\/2016\/07\/web-1-Large.jpg 1920w\" sizes=\"auto, (max-width: 640px) 100vw, 640px\" \/><\/p>\n<p>Por su parte el Dr. Iv\u00e1n Paul, coment\u00f3 que el nuevo esc\u00e1ner reducir\u00e1 notoriamente la compra de servicios externos de este tipo de ex\u00e1menes, \u201cacortando los tiempos de espera de nuestros usuarios, junto con ofrecer un nuevo servicio programado a los pacientes que reciben una atenci\u00f3n ambulatoria en el Consultorio de Especialidades\u201d.<\/p>\n<p>Asimismo, el Dr. Rodrigo Avenda\u00f1o agreg\u00f3 que junto al esc\u00e1ner, se implement\u00f3 un sistema inform\u00e1tico para el almacenamiento y transmisi\u00f3n de im\u00e1genes, \u00a0con el prop\u00f3sito de\u00a0 \u201cfacilitar el acceso de las distintas unidades y servicios cl\u00ednicos del Hospital e incluso de otros establecimientos de la Provincia, quienes pueden ver en tiempo real todos los resultados tomograf\u00edas, ecograf\u00edas y radiograf\u00edas, lo que optimizar\u00e1 el tiempo de espera de los resultados, dando adem\u00e1s otro paso que permite acercar la tecnolog\u00eda y con ello el acceso a la salud, a los sectores m\u00e1s apartados de \u00d1uble\u201d, asegur\u00f3.<\/p>\n<p>La inversi\u00f3n realizada para habilitar las modernas instalaciones y el equipamiento, alcanz\u00f3 los 1.058 millones de pesos financiados por el Ministerio de Salud y el Hospital, cifra que incluye la compra del nuevo esc\u00e1ner, la implementaci\u00f3n del sistema inform\u00e1tico, \u2018Ris\/Pacs\u2019, y la habilitaci\u00f3n de las dependencias para su funcionamiento en la Unidad de Imagenolog\u00eda.<\/p>\n","protected":false},"excerpt":{"rendered":"<p>Durante su estad\u00eda por la Provincia, la autoridad destac\u00f3 los beneficios de la tecnol\u00f3gica adquisici\u00f3n que posiciona al Hospital como un referente regional.<\/p>\n","protected":false},"author":3,"featured_media":2245,"comment_status":"open","ping_status":"closed","sticky":false,"template":"","format":"standard","meta":{"_acf_changed":false,"_monsterinsights_skip_tracking":false,"_monsterinsights_sitenote_active":false,"_monsterinsights_sitenote_note":"","_monsterinsights_sitenote_category":0,"footnotes":""},"categories":[4],"tags":[],"class_list":["post-2244","post","type-post","status-publish","format-standard","has-post-thumbnail","hentry","category-noticias"],"acf":[],"publishpress_future_action":{"enabled":false,"date":"2026-05-07 09:24:31","action":"change-status","newStatus":"draft","terms":[],"taxonomy":"category","extraData":[]},"publishpress_future_workflow_manual_trigger":{"enabledWorkflows":[]},"_links":{"self":[{"href":"https:\/\/hospitaldechillan.cl\/web\/wp-json\/wp\/v2\/posts\/2244","targetHints":{"allow":["GET"]}}],"collection":[{"href":"https:\/\/hospitaldechillan.cl\/web\/wp-json\/wp\/v2\/posts"}],"about":[{"href":"https:\/\/hospitaldechillan.cl\/web\/wp-json\/wp\/v2\/types\/post"}],"author":[{"embeddable":true,"href":"https:\/\/hospitaldechillan.cl\/web\/wp-json\/wp\/v2\/users\/3"}],"replies":[{"embeddable":true,"href":"https:\/\/hospitaldechillan.cl\/web\/wp-json\/wp\/v2\/comments?post=2244"}],"version-history":[{"count":0,"href":"https:\/\/hospitaldechillan.cl\/web\/wp-json\/wp\/v2\/posts\/2244\/revisions"}],"wp:featuredmedia":[{"embeddable":true,"href":"https:\/\/hospitaldechillan.cl\/web\/wp-json\/wp\/v2\/media\/2245"}],"wp:attachment":[{"href":"https:\/\/hospitaldechillan.cl\/web\/wp-json\/wp\/v2\/media?parent=2244"}],"wp:term":[{"taxonomy":"category","embeddable":true,"href":"https:\/\/hospitaldechillan.cl\/web\/wp-json\/wp\/v2\/categories?post=2244"},{"taxonomy":"post_tag","embeddable":true,"href":"https:\/\/hospitaldechillan.cl\/web\/wp-json\/wp\/v2\/tags?post=2244"}],"curies":[{"name":"wp","href":"https:\/\/api.w.org\/{rel}","templated":true}]}}