{"id":1727,"date":"2015-12-28T11:19:52","date_gmt":"2015-12-28T15:19:52","guid":{"rendered":"http:\/\/hospitaldechillan.cl\/web\/?p=1727"},"modified":"2015-12-28T11:20:48","modified_gmt":"2015-12-28T15:20:48","slug":"diversas-actividades-conmemoraron-la-navidad-en-nuestro-hospital","status":"publish","type":"post","link":"https:\/\/hospitaldechillan.cl\/web\/diversas-actividades-conmemoraron-la-navidad-en-nuestro-hospital\/","title":{"rendered":"Diversas actividades conmemoraron la Navidad en nuestro Hospital"},"content":{"rendered":"<p>Los saludos y muestras de cari\u00f1o se multiplicaron en las todos los servicios de nuestro recinto asistencial, durante las variadas actividades que conmemoraron la Navidad este a\u00f1o. <\/p>\n<p>Las actividades fueron organizadas por la Direcci\u00f3n del Establecimiento en conjunto con las diversas agrupaciones gremiales, quienes durante la jornada entregaron refrescantes presentes a los funcionarios, adem\u00e1s de efectuar un recorrido en compa\u00f1\u00eda de un coro de villancicos, ocasi\u00f3n donde el Director del Hospital, Dr. Rodrigo Avenda\u00f1o Brandeis, reforz\u00f3 la idea de tener una celebraci\u00f3n enmarcada en el afecto y respeto. <\/p>\n<p><img loading=\"lazy\" decoding=\"async\" src=\"https:\/\/hospitaldechillan.cl\/web\/wp-content_Hos\/uploads\/2015\/12\/web-5-640x360.jpg\" alt=\"web\" width=\"640\" height=\"360\" class=\"alignnone size-medium wp-image-1730\" srcset=\"https:\/\/hospitaldechillan.cl\/web\/wp-content\/uploads\/2015\/12\/web-5-640x360.jpg 640w, https:\/\/hospitaldechillan.cl\/web\/wp-content\/uploads\/2015\/12\/web-5-768x432.jpg 768w, https:\/\/hospitaldechillan.cl\/web\/wp-content\/uploads\/2015\/12\/web-5-1200x675.jpg 1200w, https:\/\/hospitaldechillan.cl\/web\/wp-content\/uploads\/2015\/12\/web-5.jpg 1600w\" sizes=\"auto, (max-width: 640px) 100vw, 640px\" \/><\/p>\n<p>\u201cQuisimos entregar un saludo navide\u00f1o a todo el personal del Establecimiento, invit\u00e1ndolos a reflexionar sobre el real sentido de la celebraci\u00f3n enmarcada en una conmemoraci\u00f3n familiar que invite a compartir en una instancia de sano esparcimiento y buenos deseos\u201d. <\/p>\n<p>En la oportunidad, los funcionarios y pacientes de nuestro recinto asistencial agradecieron las palabras y el regalo musical que ameniz\u00f3 el lugar en v\u00edsperas de lo que fue la Navidad 2015. <\/p>\n","protected":false},"excerpt":{"rendered":"<p>Una jornada distinta vivieron los funcionarios del Establecimiento quienes fueron visitados en sus lugares de trabajo por el Equipo Directivo Superior en compa\u00f1\u00eda de un emotivo coro de villancicos.  <\/p>\n","protected":false},"author":3,"featured_media":1728,"comment_status":"open","ping_status":"closed","sticky":false,"template":"","format":"standard","meta":{"_acf_changed":false,"_monsterinsights_skip_tracking":false,"_monsterinsights_sitenote_active":false,"_monsterinsights_sitenote_note":"","_monsterinsights_sitenote_category":0,"footnotes":""},"categories":[4],"tags":[],"class_list":["post-1727","post","type-post","status-publish","format-standard","has-post-thumbnail","hentry","category-noticias"],"acf":[],"publishpress_future_action":{"enabled":false,"date":"2026-05-08 08:01:52","action":"change-status","newStatus":"draft","terms":[],"taxonomy":"category","extraData":[]},"publishpress_future_workflow_manual_trigger":{"enabledWorkflows":[]},"_links":{"self":[{"href":"https:\/\/hospitaldechillan.cl\/web\/wp-json\/wp\/v2\/posts\/1727","targetHints":{"allow":["GET"]}}],"collection":[{"href":"https:\/\/hospitaldechillan.cl\/web\/wp-json\/wp\/v2\/posts"}],"about":[{"href":"https:\/\/hospitaldechillan.cl\/web\/wp-json\/wp\/v2\/types\/post"}],"author":[{"embeddable":true,"href":"https:\/\/hospitaldechillan.cl\/web\/wp-json\/wp\/v2\/users\/3"}],"replies":[{"embeddable":true,"href":"https:\/\/hospitaldechillan.cl\/web\/wp-json\/wp\/v2\/comments?post=1727"}],"version-history":[{"count":0,"href":"https:\/\/hospitaldechillan.cl\/web\/wp-json\/wp\/v2\/posts\/1727\/revisions"}],"wp:featuredmedia":[{"embeddable":true,"href":"https:\/\/hospitaldechillan.cl\/web\/wp-json\/wp\/v2\/media\/1728"}],"wp:attachment":[{"href":"https:\/\/hospitaldechillan.cl\/web\/wp-json\/wp\/v2\/media?parent=1727"}],"wp:term":[{"taxonomy":"category","embeddable":true,"href":"https:\/\/hospitaldechillan.cl\/web\/wp-json\/wp\/v2\/categories?post=1727"},{"taxonomy":"post_tag","embeddable":true,"href":"https:\/\/hospitaldechillan.cl\/web\/wp-json\/wp\/v2\/tags?post=1727"}],"curies":[{"name":"wp","href":"https:\/\/api.w.org\/{rel}","templated":true}]}}