{"id":1723,"date":"2015-12-22T15:00:32","date_gmt":"2015-12-22T19:00:32","guid":{"rendered":"http:\/\/hospitaldechillan.cl\/web\/?p=1723"},"modified":"2015-12-28T09:29:27","modified_gmt":"2015-12-28T13:29:27","slug":"directivos-destacan-fin-a-la-lista-de-espera-mas-antigua-e-inversiones-en-atencion-primaria-y-hospitales","status":"publish","type":"post","link":"https:\/\/hospitaldechillan.cl\/web\/directivos-destacan-fin-a-la-lista-de-espera-mas-antigua-e-inversiones-en-atencion-primaria-y-hospitales\/","title":{"rendered":"Directivos destacan fin a la lista de espera m\u00e1s antigua e inversiones en atenci\u00f3n primaria y hospitales"},"content":{"rendered":"<p>La resoluci\u00f3n de la lista de espera de pacientes para cirug\u00eda en espera desde 2012, las inversiones en obras y programas de salud en la atenci\u00f3n primaria, as\u00ed como la implementaci\u00f3n de nuevos servicios hospitalarios destacan entre los avances presentados por el Director del Servicio de Salud \u00d1uble, Iv\u00e1n Paul, al realizar un balance de la gesti\u00f3n 2015.<\/p>\n<p>Un punto importante para el directivo, fue el sustantivo avance en la resoluci\u00f3n de la lista de espera m\u00e1s antigua para cirug\u00eda. \u201cAl cierre de este a\u00f1o pr\u00e1cticamente tendremos un 100% de cumplimiento en este compromiso de resolver el problema de salud para 2.432 personas en espera desde el a\u00f1o 2012 o m\u00e1s\u201d.<\/p>\n<p>Sobre el acceso a la atenci\u00f3n de especialidades, se\u00f1al\u00f3 que no es posible reducir la lista de espera a cero, pero s\u00ed el tiempo que las personas deben esperar por atenci\u00f3n. En ese sentido, dijo, a trav\u00e9s de la programaci\u00f3n hospitalaria anual comprometida con el Ministerio de Salud y un plan extraordinario, que se puso en marcha durante agosto, se resolvieron 2.294 casos.<\/p>\n<p>\u201cSe trata de personas que esperaron largo tiempo y que hoy han recuperado su calidad de vida. Nuestro compromiso es continuar haciendo todos los esfuerzos para actualizar nuestras listas de espera ya que, si bien sabemos que es imposible terminar con ellas, debemos trabajar para reducir el tiempo que deben aguardar los usuarios para acceder a su atenci\u00f3n de salud\u201d.<\/p>\n<p>La autoridad destac\u00f3 adem\u00e1s el cumplimiento de los compromisos presidenciales en salud como la implementaci\u00f3n del programa Vida Sana, que benefici\u00f3 a 2.750 personas para evitar la hipertensi\u00f3n y de M\u00e1s Adultos Mayores Autovalentes, iniciativa en la que participaron 3.600 adultos mayores de Chill\u00e1n, Chill\u00e1n Viejo y San Carlos.<\/p>\n<p>Por su parte, el Director del Hospital Cl\u00ednico Herminda Mart\u00edn, Rodrigo Avenda\u00f1o, recalc\u00f3 el desarrollo que ha tenido la telemedicina en el establecimiento, \u201cesta unidad, ha permitido acercar la prestaci\u00f3n a los pacientes ya que posibilita brindar apoyo con m\u00e9dicos especialistas, a los hospitales a los comunitarios y personas que viven en los lugares m\u00e1s apartados de la provincia\u201d.<\/p>\n<p><strong>Mayor cobertura odontol\u00f3gica<\/strong><br \/>\nEl doctor Paul igualmente destac\u00f3 las prestaciones de programas odontol\u00f3gicos, como \u201cM\u00e1s sonrisas para Chile\u201d, que permiti\u00f3 entregar atenci\u00f3n integral a casi 8 mil mujeres.<br \/>\nEste a\u00f1o tambi\u00e9n se beneficiaron con atenci\u00f3n dental m\u00e1s de mil j\u00f3venes de cuarto a\u00f1o medio de once comunas; adultos con atenci\u00f3n en horario vespertino y casi 8 mil ni\u00f1os y ni\u00f1as que asisten a los jardines de Junji e Integra con un examen de salud bucal integral.<\/p>\n<p><strong>Inversiones<br \/>\n<\/strong>Sobre el avance del Plan Nacional de Inversiones, el director de salud, precis\u00f3 que \u201ciniciamos la construcci\u00f3n de dos Centros Comunitarios de Salud Familiar (Cecosf), uno en el sector Islas del Sur en Chill\u00e1n y el otro en San Carlos, espec\u00edficamente en la localidad de Cachapoal\u201d. Las obras registran m\u00e1s de un 50 y un 80 por ciento de avance, respetivamente.<br \/>\nEl Servicio de Atenci\u00f3n Primaria de Urgencia (SAR) del Cesfam Violeta Parra, est\u00e1 en espera de toma de raz\u00f3n de contralor\u00eda y la inversi\u00f3n es cercana a los 800 millones de pesos. Esta unidad tendr\u00e1 m\u00e1s m\u00e1s capacidad resolutiva con ex\u00e1menes, radiolog\u00eda y un equipo profesional para atender durante la noche las urgencias de baja complejidad.<\/p>\n<p>(Fuente:<a href=\"http:\/\/www.serviciodesaludnuble.cl\/sitio\/directivos-de-salud-destacan-fin-a-la-lista-de-espera-mas-antigua-e-inversiones-en-atencion-primaria-y-hospitales\/\" target=\"_blank\"> Servicio de Salud \u00d1uble<\/a>)<\/p>\n","protected":false},"excerpt":{"rendered":"<p>Al cierre de fin de a\u00f1o el Director del Servicio de Salud \u00d1uble, Iv\u00e1n Paul junto al Director del Hospital Cl\u00ednico Herminda Mart\u00edn, Rodrigo Avenda\u00f1o, presentaron los principales resultados de la gesti\u00f3n 2015.<\/p>\n","protected":false},"author":3,"featured_media":1724,"comment_status":"open","ping_status":"closed","sticky":false,"template":"","format":"standard","meta":{"_acf_changed":false,"_monsterinsights_skip_tracking":false,"_monsterinsights_sitenote_active":false,"_monsterinsights_sitenote_note":"","_monsterinsights_sitenote_category":0,"footnotes":""},"categories":[4],"tags":[],"class_list":["post-1723","post","type-post","status-publish","format-standard","has-post-thumbnail","hentry","category-noticias"],"acf":[],"publishpress_future_action":{"enabled":false,"date":"2026-05-08 08:00:02","action":"change-status","newStatus":"draft","terms":[],"taxonomy":"category","extraData":[]},"publishpress_future_workflow_manual_trigger":{"enabledWorkflows":[]},"_links":{"self":[{"href":"https:\/\/hospitaldechillan.cl\/web\/wp-json\/wp\/v2\/posts\/1723","targetHints":{"allow":["GET"]}}],"collection":[{"href":"https:\/\/hospitaldechillan.cl\/web\/wp-json\/wp\/v2\/posts"}],"about":[{"href":"https:\/\/hospitaldechillan.cl\/web\/wp-json\/wp\/v2\/types\/post"}],"author":[{"embeddable":true,"href":"https:\/\/hospitaldechillan.cl\/web\/wp-json\/wp\/v2\/users\/3"}],"replies":[{"embeddable":true,"href":"https:\/\/hospitaldechillan.cl\/web\/wp-json\/wp\/v2\/comments?post=1723"}],"version-history":[{"count":0,"href":"https:\/\/hospitaldechillan.cl\/web\/wp-json\/wp\/v2\/posts\/1723\/revisions"}],"wp:featuredmedia":[{"embeddable":true,"href":"https:\/\/hospitaldechillan.cl\/web\/wp-json\/wp\/v2\/media\/1724"}],"wp:attachment":[{"href":"https:\/\/hospitaldechillan.cl\/web\/wp-json\/wp\/v2\/media?parent=1723"}],"wp:term":[{"taxonomy":"category","embeddable":true,"href":"https:\/\/hospitaldechillan.cl\/web\/wp-json\/wp\/v2\/categories?post=1723"},{"taxonomy":"post_tag","embeddable":true,"href":"https:\/\/hospitaldechillan.cl\/web\/wp-json\/wp\/v2\/tags?post=1723"}],"curies":[{"name":"wp","href":"https:\/\/api.w.org\/{rel}","templated":true}]}}