{"id":1709,"date":"2015-12-23T09:51:54","date_gmt":"2015-12-23T13:51:54","guid":{"rendered":"http:\/\/hospitaldechillan.cl\/web\/?p=1709"},"modified":"2015-12-30T13:50:21","modified_gmt":"2015-12-30T17:50:21","slug":"alegre-conmemoracion-navidena-tuvieron-ninos-hospitalizados-de-pediatria","status":"publish","type":"post","link":"https:\/\/hospitaldechillan.cl\/web\/alegre-conmemoracion-navidena-tuvieron-ninos-hospitalizados-de-pediatria\/","title":{"rendered":"Alegre conmemoraci\u00f3n navide\u00f1a tuvieron ni\u00f1os hospitalizados de Pediatr\u00eda"},"content":{"rendered":"<p>Una l\u00fadica ma\u00f1ana vivieron los pacientes m\u00e1s peque\u00f1os de nuestro Hospital con motivo de la conmemoraci\u00f3n de Navidad, pues con el prop\u00f3sito de regalarles un momento de alegr\u00eda durante su estad\u00eda en el Establecimiento, se realiz\u00f3 un emocionante acto simb\u00f3lico en el acceso de la Torre de Pacientes Cr\u00edticos, Pedi\u00e1tricos y Neonatales de nuestro Establecimiento.<\/p>\n<p>La actividad fue organizada por el equipo multiprofesional de \u201cMi Jard\u00edn al Hospital\u201d quienes compartieron junto a los familiares de los ni\u00f1os, pero no s\u00f3lo de los que se encuentran hospitalizados, sino tambi\u00e9n con aquellos que ya fueron dados de alta. En la oportunidad, los menores llenaron de colores las nubes tras lanzar los globos que guardaban sus deseos, los de sus familiares, funcionarios del Centro de Responsabilidad de Pediatr\u00eda y Cirug\u00eda Infantil y de la Oficina Regional de Integra.<\/p>\n<p>Tal es el caso de Agustina, quien naci\u00f3 prematura y hoy a sus dos a\u00f1os, y tras cumplir 5 meses de alta, volvi\u00f3 junto a su madre Pamela Poblete Parra para compartir del en el acto navide\u00f1o. \u201cSent\u00ed que mi hija deb\u00eda asistir a la actividad, para conservar aqu\u00e9l v\u00ednculo de cari\u00f1o que gestaron las funcionarias del Hospital\u201d, expres\u00f3 Pamela, quien adem\u00e1s agradeci\u00f3 la constante labor de las profesionales por entregar felicidad a los m\u00e1s peque\u00f1os dentro del contexto hospitalario.<\/p>\n<p><img loading=\"lazy\" decoding=\"async\" class=\"alignnone size-medium wp-image-1711\" src=\"https:\/\/hospitaldechillan.cl\/web\/wp-content_Hos\/uploads\/2015\/12\/web-2-1-640x360.jpg\" alt=\"web 2\" width=\"640\" height=\"360\" srcset=\"https:\/\/hospitaldechillan.cl\/web\/wp-content\/uploads\/2015\/12\/web-2-1-640x360.jpg 640w, https:\/\/hospitaldechillan.cl\/web\/wp-content\/uploads\/2015\/12\/web-2-1-768x432.jpg 768w, https:\/\/hospitaldechillan.cl\/web\/wp-content\/uploads\/2015\/12\/web-2-1-1200x675.jpg 1200w, https:\/\/hospitaldechillan.cl\/web\/wp-content\/uploads\/2015\/12\/web-2-1.jpg 1600w\" sizes=\"auto, (max-width: 640px) 100vw, 640px\" \/><\/p>\n<p>A su vez, Mar\u00eda Paulina Jim\u00e9nez, madre de Nicol\u00e1s quien permaneci\u00f3 hospitalizado por casi un mes, destac\u00f3 la iniciativa pues afirm\u00f3 \u201cles sirve mucho a nuestros hijos para olvidarse de las dificultades que est\u00e1n sobrellevando. La atenci\u00f3n que entregan es fiel reflejo de la calidad del servicio que presta la Unidad de Pediatr\u00eda del recinto asistencial\u201d.<\/p>\n<p>Por su parte, la educadora de p\u00e1rvulos, Ana Mar\u00eda Reyes, asegura que el acto se transformar\u00e1 en una tradici\u00f3n, pues \u201ctener la ilusi\u00f3n que los sue\u00f1os vayan al cielo es una bonita representaci\u00f3n de lo que hacemos como Integra que es trabajar para el bienestar, futuro y felicidad de los ni\u00f1os\u201d.<\/p>\n","protected":false},"excerpt":{"rendered":"<p>En su segundo a\u00f1o, la actividad pretende posicionarse como una tradici\u00f3n m\u00e1s en nuestro recinto asistencial. <\/p>\n","protected":false},"author":3,"featured_media":1710,"comment_status":"open","ping_status":"closed","sticky":false,"template":"","format":"standard","meta":{"_acf_changed":false,"_monsterinsights_skip_tracking":false,"_monsterinsights_sitenote_active":false,"_monsterinsights_sitenote_note":"","_monsterinsights_sitenote_category":0,"footnotes":""},"categories":[4],"tags":[],"class_list":["post-1709","post","type-post","status-publish","format-standard","has-post-thumbnail","hentry","category-noticias"],"acf":[],"publishpress_future_action":{"enabled":false,"date":"2026-05-09 08:49:48","action":"change-status","newStatus":"draft","terms":[],"taxonomy":"category","extraData":[]},"publishpress_future_workflow_manual_trigger":{"enabledWorkflows":[]},"_links":{"self":[{"href":"https:\/\/hospitaldechillan.cl\/web\/wp-json\/wp\/v2\/posts\/1709","targetHints":{"allow":["GET"]}}],"collection":[{"href":"https:\/\/hospitaldechillan.cl\/web\/wp-json\/wp\/v2\/posts"}],"about":[{"href":"https:\/\/hospitaldechillan.cl\/web\/wp-json\/wp\/v2\/types\/post"}],"author":[{"embeddable":true,"href":"https:\/\/hospitaldechillan.cl\/web\/wp-json\/wp\/v2\/users\/3"}],"replies":[{"embeddable":true,"href":"https:\/\/hospitaldechillan.cl\/web\/wp-json\/wp\/v2\/comments?post=1709"}],"version-history":[{"count":0,"href":"https:\/\/hospitaldechillan.cl\/web\/wp-json\/wp\/v2\/posts\/1709\/revisions"}],"wp:featuredmedia":[{"embeddable":true,"href":"https:\/\/hospitaldechillan.cl\/web\/wp-json\/wp\/v2\/media\/1710"}],"wp:attachment":[{"href":"https:\/\/hospitaldechillan.cl\/web\/wp-json\/wp\/v2\/media?parent=1709"}],"wp:term":[{"taxonomy":"category","embeddable":true,"href":"https:\/\/hospitaldechillan.cl\/web\/wp-json\/wp\/v2\/categories?post=1709"},{"taxonomy":"post_tag","embeddable":true,"href":"https:\/\/hospitaldechillan.cl\/web\/wp-json\/wp\/v2\/tags?post=1709"}],"curies":[{"name":"wp","href":"https:\/\/api.w.org\/{rel}","templated":true}]}}