{"id":16464,"date":"2026-09-04T08:51:57","date_gmt":"2026-09-04T12:51:57","guid":{"rendered":"https:\/\/hospitaldechillan.cl\/web\/?p=16464"},"modified":"2026-09-04T08:59:32","modified_gmt":"2026-09-04T12:59:32","slug":"hospital-de-chillan-refuerza-uso-obligatorio-de-mascarilla-en-unidades-de-emergencia-dialisis-y-oncologia","status":"publish","type":"post","link":"https:\/\/hospitaldechillan.cl\/web\/hospital-de-chillan-refuerza-uso-obligatorio-de-mascarilla-en-unidades-de-emergencia-dialisis-y-oncologia\/","title":{"rendered":"Hospital de Chill\u00e1n refuerza uso obligatorio de mascarilla en unidades de Emergencia, Di\u00e1lisis y Oncolog\u00eda"},"content":{"rendered":"<p class=\"isselectedend\" style=\"text-align: justify;\"><span style=\"font-family: 'Cambria',serif;\">El Hospital Cl\u00ednico Herminda Mart\u00edn (HCHM) reforz\u00f3 el llamado a la comunidad de \u00d1uble a cumplir con el <strong><span style=\"font-family: 'Cambria',serif; font-weight: normal;\">uso obligatorio de mascarilla en las unidades de Emergencia, Di\u00e1lisis y Oncolog\u00eda<\/span><\/strong><b>,<\/b> medida que el Ministerio de Salud extendi\u00f3 hasta el pr\u00f3ximo 30 de septiembre, debido a la circulaci\u00f3n de virus respiratorios en el pa\u00eds.<\/span><\/p>\n<p class=\"isselectedend\" style=\"text-align: justify;\"><span style=\"font-family: 'Cambria',serif;\">Si bien, durante la semana epidemiol\u00f3gica 34 \u2014entre el domingo 23 y el s\u00e1bado 29 de agosto\u2014 las atenciones por causas respiratorias representaron el <strong><span style=\"font-family: 'Cambria',serif; font-weight: normal;\">21% del total de consultas de urgencia<\/span><\/strong><b>,<\/b> registr\u00e1ndose una disminuci\u00f3n de 2% respecto de la semana anterior, la circulaci\u00f3n viral contin\u00faa siendo elevada. En la regi\u00f3n, actualmente predominan la Influenza b, <strong><span style=\"font-family: 'Cambria',serif; font-weight: normal;\">Metaneumovirus, Rinovirus y Virus Respiratorio Sincicial (VRS)<\/span><\/strong><b>.<\/b><\/span><\/p>\n<p class=\"isselectedend\" style=\"text-align: justify;\"><span style=\"font-family: 'Cambria',serif;\">En este contexto, la <b>Subdirectora M\u00e9dica (s) del HCHM, <strong>Dra. Miriela Cabrera<\/strong><\/b>, enfatiz\u00f3 la importancia de que las personas que acudan al establecimiento cumplan correctamente con esta medida.<\/span><\/p>\n<p class=\"isselectedend\" style=\"text-align: justify;\"><span style=\"font-family: 'Cambria',serif;\">\u201cSolicitamos a la comunidad que, si debe acudir al Hospital, utilice su mascarilla de forma correcta, cubriendo nariz, boca y ment\u00f3n. Esta es una medida preventiva fundamental para disminuir el riesgo de contagio de enfermedades respiratorias. Aunque hemos observado una leve disminuci\u00f3n de las atenciones respiratorias en nuestra Unidad de Emergencia, la circulaci\u00f3n viral contin\u00faa siendo alta\u201d, asegur\u00f3. <\/span><\/p>\n<p class=\"isselectedend\" style=\"text-align: justify;\"><b><span style=\"font-family: 'Cambria',serif;\">USO OBLIGATORIO DE MASCARILLA<\/span><\/b><\/p>\n<p class=\"isselectedend\" style=\"text-align: justify;\"><span style=\"font-family: 'Cambria',serif;\">La especialista explic\u00f3 que el uso obligatorio de mascarilla en <strong><span style=\"font-family: 'Cambria',serif; font-weight: normal;\">Emergencia, Di\u00e1lisis y Oncolog\u00eda<\/span><\/strong><b> <\/b>tiene especial relevancia debido a las caracter\u00edsticas de las personas que reciben atenci\u00f3n en estos espacios.<\/span><\/p>\n<p class=\"isselectedend\" style=\"text-align: justify;\"><span style=\"font-family: 'Cambria',serif;\">\u201cEsta medida busca proteger a quienes se encuentran en tratamiento m\u00e9dico oncol\u00f3gico o nefrol\u00f3gico, que integran los grupos m\u00e1s vulnerables, a los que se suman los ni\u00f1os, ni\u00f1as y personas mayores de 60 a\u00f1os. En estas unidades necesitamos reducir al m\u00e1ximo las posibilidades de contagio, protegiendo tanto a nuestros usuarios como a los equipos de salud\u201d, sostuvo la Dra. Cabrera.<\/span><\/p>\n<p class=\"isselectedend\" style=\"text-align: justify;\"><span style=\"font-family: 'Cambria',serif;\">La prevenci\u00f3n de las enfermedades respiratorias requiere del compromiso de toda la comunidad. Por ello, adem\u00e1s del uso correcto de mascarilla en los espacios donde es obligatorio, se recomienda mantener otras medidas de autocuidado, como <strong><span style=\"font-family: 'Cambria',serif; font-weight: normal;\">lavarse frecuentemente las manos y ventilar los espacios cerrados<\/span><\/strong>, durante los horarios m\u00e1s templados del d\u00eda.<\/span><\/p>\n<p style=\"text-align: justify;\"><span style=\"font-family: 'Cambria',serif;\">Cabe recordar que esta medida se encuentra vigente en el territorio nacional desde el pasado 1 de abril y que las personas que presenten <strong><span style=\"font-family: 'Cambria',serif; font-weight: normal;\">s\u00edntomas respiratorios deben utilizar mascarilla de manera permanente<\/span><\/strong><b>, <\/b>como una manera de disminuir el riesgo de transmitir infecciones a otras personas.<\/span><\/p>\n","protected":false},"excerpt":{"rendered":"<p>La medida, se enmarca en la alerta sanitaria dispuesta por el Ministerio de Salud, se extender\u00e1 hasta el 30 de septiembre y busca disminuir el riesgo de contagio de enfermedades respiratorias, especialmente en espacios donde se atienden pacientes m\u00e1s vulnerables.<\/p>\n","protected":false},"author":3,"featured_media":16466,"comment_status":"closed","ping_status":"closed","sticky":false,"template":"","format":"standard","meta":{"_acf_changed":false,"_monsterinsights_skip_tracking":false,"footnotes":""},"categories":[4],"tags":[],"class_list":["post-16464","post","type-post","status-publish","format-standard","has-post-thumbnail","hentry","category-noticias"],"acf":[],"publishpress_future_action":{"enabled":false,"date":"2026-09-12 01:50:20","action":"change-status","newStatus":"draft","terms":[],"taxonomy":"category","extraData":[]},"publishpress_future_workflow_manual_trigger":{"enabledWorkflows":[]},"_links":{"self":[{"href":"https:\/\/hospitaldechillan.cl\/web\/wp-json\/wp\/v2\/posts\/16464","targetHints":{"allow":["GET"]}}],"collection":[{"href":"https:\/\/hospitaldechillan.cl\/web\/wp-json\/wp\/v2\/posts"}],"about":[{"href":"https:\/\/hospitaldechillan.cl\/web\/wp-json\/wp\/v2\/types\/post"}],"author":[{"embeddable":true,"href":"https:\/\/hospitaldechillan.cl\/web\/wp-json\/wp\/v2\/users\/3"}],"replies":[{"embeddable":true,"href":"https:\/\/hospitaldechillan.cl\/web\/wp-json\/wp\/v2\/comments?post=16464"}],"version-history":[{"count":1,"href":"https:\/\/hospitaldechillan.cl\/web\/wp-json\/wp\/v2\/posts\/16464\/revisions"}],"predecessor-version":[{"id":16467,"href":"https:\/\/hospitaldechillan.cl\/web\/wp-json\/wp\/v2\/posts\/16464\/revisions\/16467"}],"wp:featuredmedia":[{"embeddable":true,"href":"https:\/\/hospitaldechillan.cl\/web\/wp-json\/wp\/v2\/media\/16466"}],"wp:attachment":[{"href":"https:\/\/hospitaldechillan.cl\/web\/wp-json\/wp\/v2\/media?parent=16464"}],"wp:term":[{"taxonomy":"category","embeddable":true,"href":"https:\/\/hospitaldechillan.cl\/web\/wp-json\/wp\/v2\/categories?post=16464"},{"taxonomy":"post_tag","embeddable":true,"href":"https:\/\/hospitaldechillan.cl\/web\/wp-json\/wp\/v2\/tags?post=16464"}],"curies":[{"name":"wp","href":"https:\/\/api.w.org\/{rel}","templated":true}]}}