{"id":15818,"date":"2026-04-28T14:50:47","date_gmt":"2026-04-28T18:50:47","guid":{"rendered":"https:\/\/hospitaldechillan.cl\/web\/?p=15818"},"modified":"2026-04-28T15:07:36","modified_gmt":"2026-04-28T19:07:36","slug":"hospital-regional-de-nuble-incorpora-la-primera-piscina-terapeutica-en-la-red-publica-del-pais","status":"publish","type":"post","link":"https:\/\/hospitaldechillan.cl\/web\/hospital-regional-de-nuble-incorpora-la-primera-piscina-terapeutica-en-la-red-publica-del-pais\/","title":{"rendered":"Hospital Regional de \u00d1uble incorpora la primera piscina terap\u00e9utica en la red p\u00fablica del pa\u00eds"},"content":{"rendered":"<p style=\"text-align: justify;\"><span style=\"font-family: 'Cambria',serif;\">El Hospital Regional contin\u00faa avanzando en la incorporaci\u00f3n de infraestructura de alto est\u00e1ndar con la implementaci\u00f3n de una piscina terap\u00e9utica \u00fanica en su tipo dentro de la red p\u00fablica de salud en el pa\u00eds. Esta innovaci\u00f3n permitir\u00e1 ampliar las alternativas de tratamiento en rehabilitaci\u00f3n y contribuir a mejorar la calidad de vida de personas con diversas condiciones de salud.<\/span><\/p>\n<p style=\"text-align: justify;\"><span style=\"font-family: 'Cambria',serif;\">Desde una mirada estrat\u00e9gica, la Dra. Ximena Espinoza Carrasco, Directora (s) del Hospital Cl\u00ednico Herminda Mart\u00edn (HCHM) destac\u00f3 el impacto de esta iniciativa: \u201cEste proyecto representa un avance concreto en equidad en salud. Estamos acercando terapias que antes solo estaba disponible en el sistema privado, ampliando la oportunidad de recuperaci\u00f3n de nuestros usuarios. Se trata de una tecnolog\u00eda con un sistema de piso m\u00f3vil, dise\u00f1ada especialmente para apoyar la rehabilitaci\u00f3n integral de los pacientes\u201d, se\u00f1al\u00f3.<\/span><\/p>\n<p style=\"text-align: justify;\"><span style=\"font-family: 'Cambria',serif;\">En t\u00e9rminos cl\u00ednicos, el Dr. Marcelo P\u00e9rez Gaete, jefe del Servicio de Medicina F\u00edsica y Rehabilitaci\u00f3n del HCHM explic\u00f3 su valor terap\u00e9utico: \u201cEsta piscina est\u00e1 orientada a la atenci\u00f3n de pacientes con afecciones neurol\u00f3gicas, osteomusculares y reumatol\u00f3gicas, as\u00ed como personas con dolor cr\u00f3nico y mujeres embarazadas que requieren de apoyo terap\u00e9utico. El trabajo en agua permite aprovechar sus propiedades hidrot\u00e9rmicas, reduciendo el impacto sobre las articulaciones, facilitando el movimiento, disminuyendo el dolor y la inflamaci\u00f3n, y favoreciendo el fortalecimiento muscular. Esto nos permite realizar intervenciones m\u00e1s precoces, seguras y efectivas, logrando mejores resultados funcionales en menos tiempo\u201d.<\/span><\/p>\n<p><img loading=\"lazy\" decoding=\"async\" class=\"alignnone size-medium wp-image-15823\" src=\"https:\/\/hospitaldechillan.cl\/web\/wp-content\/uploads\/2026\/04\/2-1-640x360.png\" alt=\"\" width=\"640\" height=\"360\" srcset=\"https:\/\/hospitaldechillan.cl\/web\/wp-content\/uploads\/2026\/04\/2-1-640x360.png 640w, https:\/\/hospitaldechillan.cl\/web\/wp-content\/uploads\/2026\/04\/2-1-1200x675.png 1200w, https:\/\/hospitaldechillan.cl\/web\/wp-content\/uploads\/2026\/04\/2-1-768x432.png 768w, https:\/\/hospitaldechillan.cl\/web\/wp-content\/uploads\/2026\/04\/2-1-1536x864.png 1536w, https:\/\/hospitaldechillan.cl\/web\/wp-content\/uploads\/2026\/04\/2-1.png 1600w\" sizes=\"auto, (max-width: 640px) 100vw, 640px\" \/><\/p>\n<p>A nivel de red, Elizabeth Abarca Trivi\u00f1o, Directora del Servicio de Salud enfatiz\u00f3 el impacto de esta inversi\u00f3n: \u201cLa incorporaci\u00f3n de esta piscina terap\u00e9utica no solo representa una gran innovaci\u00f3n en infraestructura, sino tambi\u00e9n una nueva forma de abordar la rehabilitaci\u00f3n: m\u00e1s integral, m\u00e1s humana y centrada en las necesidades de las personas. Esta inversi\u00f3n, que alcanza los 686 millones de pesos, refleja nuestro compromiso con el fortalecimiento de la salud p\u00fablica en la regi\u00f3n mediante tecnolog\u00eda de vanguardia y con altos est\u00e1ndares\u201d, indic\u00f3.<\/p>\n<p><strong>\u00a0<\/strong><strong>Tecnolog\u00eda, precisi\u00f3n y bienestar<\/strong><\/p>\n<p>La piscina contar\u00e1 con capacidad para tres usuarios simult\u00e1neamente, adem\u00e1s de un profesional de la salud, lo que permitir\u00e1 desarrollar intervenciones personalizadas y seguras. Su temperatura ser\u00e1 regulable entre los 15\u00b0C y 35\u00b0C.<\/p>\n<p>Su sistema de piso m\u00f3vil, permitir\u00e1 ajustar el entorno seg\u00fan las condiciones cl\u00ednicas de cada usuario, optimizando la accesibilidad y la seguridad durante las sesiones. Adem\u00e1s, contempla accesorios para terapias como pesas, flotadores, camilla de acceso, gr\u00faa y trotadora acu\u00e1tica.<\/p>\n<p><strong>\u00a0<\/strong><\/p>\n","protected":false},"excerpt":{"rendered":"<p>Con tecnolog\u00eda de \u00faltima generaci\u00f3n y un dise\u00f1o especializado para rehabilitaci\u00f3n, el establecimiento suma una piscina terap\u00e9utica, que ampl\u00eda las alternativas de tratamiento y fortalece los procesos de recuperaci\u00f3n de las y los usuarios. <\/p>\n","protected":false},"author":9,"featured_media":15822,"comment_status":"closed","ping_status":"closed","sticky":false,"template":"","format":"standard","meta":{"_acf_changed":false,"_monsterinsights_skip_tracking":false,"_monsterinsights_sitenote_active":false,"_monsterinsights_sitenote_note":"","_monsterinsights_sitenote_category":0,"footnotes":""},"categories":[4],"tags":[],"class_list":["post-15818","post","type-post","status-publish","format-standard","has-post-thumbnail","hentry","category-noticias"],"acf":[],"publishpress_future_action":{"enabled":false,"date":"2026-05-06 09:19:36","action":"change-status","newStatus":"draft","terms":[],"taxonomy":"category","extraData":[]},"publishpress_future_workflow_manual_trigger":{"enabledWorkflows":[]},"_links":{"self":[{"href":"https:\/\/hospitaldechillan.cl\/web\/wp-json\/wp\/v2\/posts\/15818","targetHints":{"allow":["GET"]}}],"collection":[{"href":"https:\/\/hospitaldechillan.cl\/web\/wp-json\/wp\/v2\/posts"}],"about":[{"href":"https:\/\/hospitaldechillan.cl\/web\/wp-json\/wp\/v2\/types\/post"}],"author":[{"embeddable":true,"href":"https:\/\/hospitaldechillan.cl\/web\/wp-json\/wp\/v2\/users\/9"}],"replies":[{"embeddable":true,"href":"https:\/\/hospitaldechillan.cl\/web\/wp-json\/wp\/v2\/comments?post=15818"}],"version-history":[{"count":3,"href":"https:\/\/hospitaldechillan.cl\/web\/wp-json\/wp\/v2\/posts\/15818\/revisions"}],"predecessor-version":[{"id":15826,"href":"https:\/\/hospitaldechillan.cl\/web\/wp-json\/wp\/v2\/posts\/15818\/revisions\/15826"}],"wp:featuredmedia":[{"embeddable":true,"href":"https:\/\/hospitaldechillan.cl\/web\/wp-json\/wp\/v2\/media\/15822"}],"wp:attachment":[{"href":"https:\/\/hospitaldechillan.cl\/web\/wp-json\/wp\/v2\/media?parent=15818"}],"wp:term":[{"taxonomy":"category","embeddable":true,"href":"https:\/\/hospitaldechillan.cl\/web\/wp-json\/wp\/v2\/categories?post=15818"},{"taxonomy":"post_tag","embeddable":true,"href":"https:\/\/hospitaldechillan.cl\/web\/wp-json\/wp\/v2\/tags?post=15818"}],"curies":[{"name":"wp","href":"https:\/\/api.w.org\/{rel}","templated":true}]}}