{"id":15632,"date":"2026-03-13T11:00:12","date_gmt":"2026-03-13T15:00:12","guid":{"rendered":"https:\/\/hospitaldechillan.cl\/web\/?p=15632"},"modified":"2026-03-13T14:25:30","modified_gmt":"2026-03-13T18:25:30","slug":"especialistas-de-la-red-de-salud-de-nuble-refuerzan-la-importancia-de-la-prevencion-y-deteccion-temprana-de-la-enfermedad-renal","status":"publish","type":"post","link":"https:\/\/hospitaldechillan.cl\/web\/especialistas-de-la-red-de-salud-de-nuble-refuerzan-la-importancia-de-la-prevencion-y-deteccion-temprana-de-la-enfermedad-renal\/","title":{"rendered":"Especialistas de la red de salud de \u00d1uble refuerzan la importancia de la prevenci\u00f3n y detecci\u00f3n temprana de la enfermedad renal"},"content":{"rendered":"<p>La enfermedad renal cr\u00f3nica constituye un problema de salud p\u00fablica que, en muchos casos, \u00a0evoluciona de forma silenciosa. Por ello, la pesquisa temprana y el control de factores de riesgo resultan fundamentales para prevenir complicaciones mayores y mejorar la calidad de vida de las personas.<\/p>\n<p>Cada 12 de marzo se conmemora esta fecha a nivel mundial, instancia en la que desde el <strong>Servicio de Salud \u00d1uble (SS\u00d1) y el Hospital Cl\u00ednico Herminda Mart\u00edn (HCHM) <\/strong>reforzaron el llamado al cuidado de la salud y adopci\u00f3n de h\u00e1bitos de cuidado.<\/p>\n<p>En esa l\u00ednea, el <strong>Subdirector de Gesti\u00f3n Asistencial del SS\u00d1, <\/strong><strong>Dr. Max Besser Valenzuela<\/strong>, \u00a0destac\u00f3 que \u201cel cuidado de la salud renal debe comenzar desde etapas tempranas y mantenerse a lo largo del ciclo vital. Muchas enfermedades renales se pueden prevenir o retrasar si las personas mantienen controles peri\u00f3dicos y adquieren h\u00e1bitos saludables. La detecci\u00f3n temprana permite iniciar tratamientos oportunos y evitar que la enfermedad avance hacia etapas m\u00e1s complejas que requieran di\u00e1lisis o trasplante\u201d.<\/p>\n<p>Por su parte, el <strong>nefr\u00f3logo del HCHM, <\/strong><strong>Dr. Boris Garc\u00eda Rodr\u00edguez<\/strong>, advirti\u00f3 que uno de los principales desaf\u00edos es que la enfermedad renal cr\u00f3nica puede avanzar sin s\u00edntomas evidentes. \u201cEn ocasiones, los pacientes pueden tener una p\u00e9rdida de m\u00e1s del 90% de su funci\u00f3n renal sin darse cuenta, por lo que es muy importante el pesquisar a tiempo, sobre todo en grupos de riesgo como personas mayores de 60 a\u00f1os, pacientes con <strong>antecedentes familiares con enfermedad renal cr\u00f3nica, enfermedades renales hereditarias o que tengan diabetes o hipertensi\u00f3n arterial\u201d<\/strong>.<\/p>\n<p>Asimismo, el especialista indic\u00f3 que el diagn\u00f3stico inicial puede realizarse en la atenci\u00f3n primaria mediante ex\u00e1menes simples. \u201cLa detecci\u00f3n se realiza a trav\u00e9s de ex\u00e1menes b\u00e1sicos como la medici\u00f3n de creatinina en sangre y un examen de orina que eval\u00faa la relaci\u00f3n albuminuria-creatininuria. Estos elementos nos permiten clasificar la enfermedad renal cr\u00f3nica en sus distintas etapas, que van de la 1 a la 5, que es la m\u00e1s avanzada y donde seguramente el paciente va a requerir alg\u00fan m\u00e9todo de di\u00e1lisis\u201d, agreg\u00f3.<\/p>\n<p><strong>La importancia de la prevenci\u00f3n <\/strong><\/p>\n<p>Prevenir <strong>\u00a0es clave<\/strong>, especialmente a trav\u00e9s el control adecuado de enfermedades cr\u00f3nicas no transmisibles. La recomendaci\u00f3n es mantener <strong>una alimentaci\u00f3n equilibrada, moderar el consumo de sal, asegurar una adecuada hidrataci\u00f3n y realizar controles m\u00e9dicos peri\u00f3dicos<\/strong>, particularmente en personas con factores de riesgo.<\/p>\n<p>Desde la red asistencial reiteraron el llamado a la comunidad a informarse, recordando que <strong>la salud renal es fundamental para el bienestar general de las personas<\/strong>.<\/p>\n","protected":false},"excerpt":{"rendered":"<p>En el marco del D\u00eda Mundial del Ri\u00f1\u00f3n, que este a\u00f1o se conmemora bajo el lema \u201cSalud renal para todos\u201d, desde la red asistencial de \u00d1uble relevaron la importancia de la prevenci\u00f3n, el diagn\u00f3stico oportuno y el control de las enfermedades cr\u00f3nicas que pueden afectar la funci\u00f3n renal.<\/p>\n","protected":false},"author":3,"featured_media":15634,"comment_status":"closed","ping_status":"closed","sticky":false,"template":"","format":"standard","meta":{"_acf_changed":false,"_monsterinsights_skip_tracking":false,"_monsterinsights_sitenote_active":false,"_monsterinsights_sitenote_note":"","_monsterinsights_sitenote_category":0,"footnotes":""},"categories":[4],"tags":[],"class_list":["post-15632","post","type-post","status-publish","format-standard","has-post-thumbnail","hentry","category-noticias"],"acf":[],"publishpress_future_action":{"enabled":false,"date":"2026-05-06 21:30:38","action":"change-status","newStatus":"draft","terms":[],"taxonomy":"category","extraData":[]},"publishpress_future_workflow_manual_trigger":{"enabledWorkflows":[]},"_links":{"self":[{"href":"https:\/\/hospitaldechillan.cl\/web\/wp-json\/wp\/v2\/posts\/15632","targetHints":{"allow":["GET"]}}],"collection":[{"href":"https:\/\/hospitaldechillan.cl\/web\/wp-json\/wp\/v2\/posts"}],"about":[{"href":"https:\/\/hospitaldechillan.cl\/web\/wp-json\/wp\/v2\/types\/post"}],"author":[{"embeddable":true,"href":"https:\/\/hospitaldechillan.cl\/web\/wp-json\/wp\/v2\/users\/3"}],"replies":[{"embeddable":true,"href":"https:\/\/hospitaldechillan.cl\/web\/wp-json\/wp\/v2\/comments?post=15632"}],"version-history":[{"count":1,"href":"https:\/\/hospitaldechillan.cl\/web\/wp-json\/wp\/v2\/posts\/15632\/revisions"}],"predecessor-version":[{"id":15635,"href":"https:\/\/hospitaldechillan.cl\/web\/wp-json\/wp\/v2\/posts\/15632\/revisions\/15635"}],"wp:featuredmedia":[{"embeddable":true,"href":"https:\/\/hospitaldechillan.cl\/web\/wp-json\/wp\/v2\/media\/15634"}],"wp:attachment":[{"href":"https:\/\/hospitaldechillan.cl\/web\/wp-json\/wp\/v2\/media?parent=15632"}],"wp:term":[{"taxonomy":"category","embeddable":true,"href":"https:\/\/hospitaldechillan.cl\/web\/wp-json\/wp\/v2\/categories?post=15632"},{"taxonomy":"post_tag","embeddable":true,"href":"https:\/\/hospitaldechillan.cl\/web\/wp-json\/wp\/v2\/tags?post=15632"}],"curies":[{"name":"wp","href":"https:\/\/api.w.org\/{rel}","templated":true}]}}