{"id":15625,"date":"2026-03-13T11:36:54","date_gmt":"2026-03-13T15:36:54","guid":{"rendered":"https:\/\/hospitaldechillan.cl\/web\/?p=15625"},"modified":"2026-03-13T11:36:54","modified_gmt":"2026-03-13T15:36:54","slug":"obstetricia-y-ginecologia-del-hospital-regional-de-nuble-avanza-en-modelo-de-parto-integral-y-suma-hospitalizacion-diferenciada","status":"publish","type":"post","link":"https:\/\/hospitaldechillan.cl\/web\/obstetricia-y-ginecologia-del-hospital-regional-de-nuble-avanza-en-modelo-de-parto-integral-y-suma-hospitalizacion-diferenciada\/","title":{"rendered":"Obstetricia y Ginecolog\u00eda del Hospital Regional de \u00d1uble avanza en modelo de parto integral y suma hospitalizaci\u00f3n diferenciada"},"content":{"rendered":"<p>El futuro Hospital Regional de \u00d1uble contar\u00e1 con un Servicio de Obstetricia y Ginecolog\u00eda dise\u00f1ado para brindar atenci\u00f3n especializada en salud sexual y reproductiva a lo largo del ciclo vital, incluyendo controles del embarazo, atenci\u00f3n del parto, puerperio, patolog\u00edas ginecol\u00f3gicas y en el Servicio de urgencia la sala de atenci\u00f3n de alto riesgo de v\u00edctimas de delitos sexuales.<\/p>\n<p>La unidad tendr\u00e1 una superficie aproximada de <strong>4.955 metros cuadrados<\/strong> y estar\u00e1 organizada en <strong>tres \u00e1reas cl\u00ednicas principales<\/strong>, lo que permitir\u00e1 optimizar los flujos asistenciales, fortalecer la seguridad cl\u00ednica y ordenar la atenci\u00f3n seg\u00fan la complejidad de cada proceso:<\/p>\n<ul>\n<li><strong>Urgencia Obst\u00e9trica y Ginecol\u00f3gica<\/strong>, ubicada en el <strong>primer piso<\/strong>, destinada a la resoluci\u00f3n inmediata de consultas y emergencias.<\/li>\n<li><strong>Unidad de Parto Integral<\/strong>, en el <strong>segundo piso<\/strong><strong>,<\/strong> donde se desarrollar\u00e1 el proceso de preparto, parto y recuperaci\u00f3n.<\/li>\n<li><strong>Hospitalizaci\u00f3n<\/strong>, en el <strong>cuarto piso<\/strong><strong>,<\/strong> con dos torres diferenciadas para pacientes obst\u00e9tricas y ginecol\u00f3gicas.<\/li>\n<\/ul>\n<p><img loading=\"lazy\" decoding=\"async\" class=\"alignnone size-medium wp-image-15627\" src=\"https:\/\/hospitaldechillan.cl\/web\/wp-content\/uploads\/2026\/03\/2-4-640x360.png\" alt=\"\" width=\"640\" height=\"360\" srcset=\"https:\/\/hospitaldechillan.cl\/web\/wp-content\/uploads\/2026\/03\/2-4-640x360.png 640w, https:\/\/hospitaldechillan.cl\/web\/wp-content\/uploads\/2026\/03\/2-4-1200x675.png 1200w, https:\/\/hospitaldechillan.cl\/web\/wp-content\/uploads\/2026\/03\/2-4-768x432.png 768w, https:\/\/hospitaldechillan.cl\/web\/wp-content\/uploads\/2026\/03\/2-4-1536x864.png 1536w, https:\/\/hospitaldechillan.cl\/web\/wp-content\/uploads\/2026\/03\/2-4.png 1600w\" sizes=\"auto, (max-width: 640px) 100vw, 640px\" \/><\/p>\n<p>Esta organizaci\u00f3n permitir\u00e1 separar los procesos de acuerdo a la ruta de atenci\u00f3n, resguardando la privacidad de las pacientes y generando circuitos diferenciados para situaciones cl\u00ednicas espec\u00edficas, como los casos de <strong>duelo perinatal<\/strong>, que requerir\u00e1n espacios adecuados y mayor resguardo.<\/p>\n<p>La Dra. Luz Mar\u00eda Mor\u00e1n Ib\u00e1\u00f1ez, directora del Hospital Cl\u00ednico Herminda Mart\u00edn (HCHM) se\u00f1al\u00f3 que el dise\u00f1o del nuevo servicio responde a la evoluci\u00f3n del modelo de atenci\u00f3n. \u201cEl Hospital Regional de \u00d1uble permitir\u00e1 avanzar desde un modelo tradicional hacia uno de atenci\u00f3n integral del parto y nacimiento, donde la infraestructura acompa\u00f1a el trabajo cl\u00ednico de los equipos. Esto significa integrar en un mismo espacio el proceso de parto, favorecer el acompa\u00f1amiento y garantizar condiciones de seguridad cl\u00ednica para la madre y el reci\u00e9n nacido\u201d.<\/p>\n<h3><strong>Unidad de Parto Integral<\/strong><\/h3>\n<p>Uno de los avances m\u00e1s relevantes ser\u00e1 la implementaci\u00f3n de la <strong>Unidad de Parto Integral<\/strong><strong>,<\/strong> que contar\u00e1 con <strong>cinco Salas de Atenci\u00f3n Integral del Parto<\/strong><strong>,<\/strong> ubicadas en el <strong>segundo nivel de la torre roja<\/strong> del nuevo hospital.<\/p>\n<p>Estas salas permitir\u00e1n que la persona gestante viva <strong>el preparto, el parto y la recuperaci\u00f3n inmediata en un mismo espacio<\/strong><strong>,<\/strong> favoreciendo el acompa\u00f1amiento continuo y el contacto temprano con el reci\u00e9n nacido.<\/p>\n<p><strong>La Dra. Jimena Vi\u00f1uela Poirier,<\/strong> jefa (s) del Servicio de Obstetricia y Ginecolog\u00eda del Hospital Cl\u00ednico Herminda Mart\u00edn, explic\u00f3 que esta infraestructura consolida un trabajo cl\u00ednico que el equipo ha desarrollado durante a\u00f1os: \u201cNuestro equipo ha trabajado en fortalecer una atenci\u00f3n respetuosa del parto, que comienza con visitas guiadas a las usuarias antes de la hospitalizaci\u00f3n y contin\u00faa con el acompa\u00f1amiento durante el preparto y el parto. El nuevo hospital permitir\u00e1 consolidar ese trabajo con salas dise\u00f1adas para que todo el proceso ocurra en un mismo espacio, favoreciendo el acompa\u00f1amiento, el apego precoz, la lactancia materna y la hospitalizaci\u00f3n conjunta de la madre y el reci\u00e9n nacido\u201d.<\/p>\n<p>Los espacios estar\u00e1n acondicionados para adaptarse a las preferencias de cada usuaria, incorporando <strong>regulaci\u00f3n de luz, temperatura y m\u00fasica, libertad de movimiento y distintas posiciones de parto<\/strong><strong>,<\/strong> adem\u00e1s de <strong>camas multiposici\u00f3n y tina de parto<\/strong><strong>,<\/strong> elementos que contribuyen a favorecer el desarrollo fisiol\u00f3gico del trabajo de parto.<\/p>\n<p><img loading=\"lazy\" decoding=\"async\" class=\"alignnone size-medium wp-image-15590\" src=\"https:\/\/hospitaldechillan.cl\/web\/wp-content\/uploads\/2026\/03\/Fotos-Tamano-web-1-640x360.png\" alt=\"\" width=\"640\" height=\"360\" srcset=\"https:\/\/hospitaldechillan.cl\/web\/wp-content\/uploads\/2026\/03\/Fotos-Tamano-web-1-640x360.png 640w, https:\/\/hospitaldechillan.cl\/web\/wp-content\/uploads\/2026\/03\/Fotos-Tamano-web-1-1200x675.png 1200w, https:\/\/hospitaldechillan.cl\/web\/wp-content\/uploads\/2026\/03\/Fotos-Tamano-web-1-768x432.png 768w, https:\/\/hospitaldechillan.cl\/web\/wp-content\/uploads\/2026\/03\/Fotos-Tamano-web-1-1536x864.png 1536w, https:\/\/hospitaldechillan.cl\/web\/wp-content\/uploads\/2026\/03\/Fotos-Tamano-web-1.png 1600w\" sizes=\"auto, (max-width: 640px) 100vw, 640px\" \/><\/p>\n<p>Por su parte, <strong>Elizabeth Abarca Trivi\u00f1o<\/strong><strong>,<\/strong> directora del Servicio de Salud \u00d1uble (SS\u00d1), destac\u00f3 que el nuevo establecimiento fortalecer\u00e1 la atenci\u00f3n obst\u00e9trica para toda la red asistencial: \u201cLa infraestructura del futuro hospital permitir\u00e1 reforzar el compromiso de nuestra red de salud con el parto respetado y el nacimiento acompa\u00f1ado. Las nuevas salas integrales, el uso de t\u00e9cnicas no farmacol\u00f3gicas de analgesia y los espacios especialmente dise\u00f1ados contribuir\u00e1n a que m\u00e1s mujeres de \u00d1uble accedan a una atenci\u00f3n cercana, profesional y segura\u201d.<\/p>\n<p>En el mismo nivel se ubicar\u00e1 adem\u00e1s el <strong>pabell\u00f3n ginecoobst\u00e9trico de urgencia<\/strong><strong>,<\/strong> destinado a resolver ces\u00e1reas de urgencia y cirug\u00edas ginecol\u00f3gicas de manera inmediata cuando la situaci\u00f3n cl\u00ednica lo requiera.<\/p>\n","protected":false},"excerpt":{"rendered":"<p>Con cerca de 5 mil m\u00b2 de superficie el \u00e1rea se organizar\u00e1 en tres niveles funcionales: urgencia, parto y hospitalizaci\u00f3n. Entre sus principales innovaciones destacan las Salas de Atenci\u00f3n Integral del Parto y la separaci\u00f3n de hospitalizaci\u00f3n obst\u00e9trica y ginecol\u00f3gica, lo que permitir\u00e1 mejorar la privacidad, organizaci\u00f3n cl\u00ednica y  experiencia de atenci\u00f3n de las usuarias.<\/p>\n","protected":false},"author":9,"featured_media":15626,"comment_status":"closed","ping_status":"closed","sticky":false,"template":"","format":"standard","meta":{"_acf_changed":false,"_monsterinsights_skip_tracking":false,"_monsterinsights_sitenote_active":false,"_monsterinsights_sitenote_note":"","_monsterinsights_sitenote_category":0,"footnotes":""},"categories":[4],"tags":[],"class_list":["post-15625","post","type-post","status-publish","format-standard","has-post-thumbnail","hentry","category-noticias"],"acf":[],"publishpress_future_action":{"enabled":false,"date":"2026-05-06 11:42:50","action":"change-status","newStatus":"draft","terms":[],"taxonomy":"category","extraData":[]},"publishpress_future_workflow_manual_trigger":{"enabledWorkflows":[]},"_links":{"self":[{"href":"https:\/\/hospitaldechillan.cl\/web\/wp-json\/wp\/v2\/posts\/15625","targetHints":{"allow":["GET"]}}],"collection":[{"href":"https:\/\/hospitaldechillan.cl\/web\/wp-json\/wp\/v2\/posts"}],"about":[{"href":"https:\/\/hospitaldechillan.cl\/web\/wp-json\/wp\/v2\/types\/post"}],"author":[{"embeddable":true,"href":"https:\/\/hospitaldechillan.cl\/web\/wp-json\/wp\/v2\/users\/9"}],"replies":[{"embeddable":true,"href":"https:\/\/hospitaldechillan.cl\/web\/wp-json\/wp\/v2\/comments?post=15625"}],"version-history":[{"count":1,"href":"https:\/\/hospitaldechillan.cl\/web\/wp-json\/wp\/v2\/posts\/15625\/revisions"}],"predecessor-version":[{"id":15628,"href":"https:\/\/hospitaldechillan.cl\/web\/wp-json\/wp\/v2\/posts\/15625\/revisions\/15628"}],"wp:featuredmedia":[{"embeddable":true,"href":"https:\/\/hospitaldechillan.cl\/web\/wp-json\/wp\/v2\/media\/15626"}],"wp:attachment":[{"href":"https:\/\/hospitaldechillan.cl\/web\/wp-json\/wp\/v2\/media?parent=15625"}],"wp:term":[{"taxonomy":"category","embeddable":true,"href":"https:\/\/hospitaldechillan.cl\/web\/wp-json\/wp\/v2\/categories?post=15625"},{"taxonomy":"post_tag","embeddable":true,"href":"https:\/\/hospitaldechillan.cl\/web\/wp-json\/wp\/v2\/tags?post=15625"}],"curies":[{"name":"wp","href":"https:\/\/api.w.org\/{rel}","templated":true}]}}