{"id":15608,"date":"2026-03-09T16:10:30","date_gmt":"2026-03-09T20:10:30","guid":{"rendered":"https:\/\/hospitaldechillan.cl\/web\/?p=15608"},"modified":"2026-03-11T16:11:07","modified_gmt":"2026-03-11T20:11:07","slug":"nuble-es-reconocida-a-nivel-nacional-por-su-trabajo-con-la-ninez-y-habilita-espacios-amigables-en-establecimientos-de-salud","status":"publish","type":"post","link":"https:\/\/hospitaldechillan.cl\/web\/nuble-es-reconocida-a-nivel-nacional-por-su-trabajo-con-la-ninez-y-habilita-espacios-amigables-en-establecimientos-de-salud\/","title":{"rendered":"\u00d1uble es reconocida a nivel nacional por su trabajo con la ni\u00f1ez y habilita espacios amigables en establecimientos de salud"},"content":{"rendered":"<p>Con el objetivo de fortalecer entornos m\u00e1s acogedores y respetuosos con el desarrollo infantil, el Servicio de Salud \u00d1uble (SS\u00d1) particip\u00f3 en la entrega de materiales destinados a la habilitaci\u00f3n de espacios amigables para ni\u00f1as, ni\u00f1os y adolescentes en distintos establecimientos de la red asistencial de la regi\u00f3n.<\/p>\n<p>La iniciativa es impulsada por la Subsecretar\u00eda de la Ni\u00f1ez del Ministerio de Desarrollo Social y Familia y considera a \u00d1uble como una de las regiones priorizadas del pa\u00eds, debido a sus destacados resultados en la atenci\u00f3n y seguimiento de ni\u00f1as, ni\u00f1os y adolescentes en el marco del subsistema <strong>Chile Crece M\u00e1s<\/strong>.<\/p>\n<p>En este contexto, se realiz\u00f3 la entrega de implementos para la habilitaci\u00f3n de espacios, para la creaci\u00f3n de rincones infantiles, que contemplan <strong>juegos, se\u00f1al\u00e9tica de zona infantil y materiales did\u00e1cticos<\/strong>. El objetivo es generar ambientes m\u00e1s amigables y seguros para ni\u00f1as y ni\u00f1os que acompa\u00f1an a sus cuidadores o que permanecen en centros de salud durante su atenci\u00f3n.<\/p>\n<p>La directora del Servicio de Salud \u00d1uble, <strong>Elizabeth Abarca Trivi\u00f1o<\/strong>, destac\u00f3 que esta iniciativa refleja el compromiso de la red asistencial con el bienestar de la ni\u00f1ez. \u201cComo red de salud estamos orgullosos de que la Regi\u00f3n de \u00d1uble haya sido priorizada para esta iniciativa de la Subsecretar\u00eda de la Ni\u00f1ez. Esto reconoce el trabajo riguroso que nuestros equipos han desarrollado en el marco del subsistema Chile Crece M\u00e1s y nos permite seguir avanzando en la humanizaci\u00f3n de la atenci\u00f3n en salud. Estos espacios buscan que ni\u00f1as y ni\u00f1os tengan una experiencia m\u00e1s amable mientras les acompa\u00f1an a sus familias o esperan un procedimiento, contribuyendo a generar entornos m\u00e1s acogedores y protectores para la infancia\u201d.<\/p>\n<p>Asimismo, la autoridad subray\u00f3 que \u201cesta acci\u00f3n que se enmarca en el fortalecimiento del enfoque de derechos de la ni\u00f1ez y en el trabajo intersectorial entre el sector Salud y el Ministerio de Desarrollo Social y Familia\u201d.<\/p>\n<p>Por su parte, Elizabeth Riquelme Rebolledo, Coordinadora Regional del \u00c1rea Ni\u00f1ez de la Seremi de Desarrollo Social y Familia, precis\u00f3: \u201cesta iniciativa de la Subsecretar\u00eda de la Ni\u00f1ez est\u00e1 dirigida a dos regiones que han tenido mejores resultados en t\u00e9rminos de atenciones de ni\u00f1os, ni\u00f1as y adolescentes en el contexto del subsistema Chile Crece M\u00e1s. Por esa raz\u00f3n, \u00d1uble ha sido priorizada para la entrega de materiales para la habilitaci\u00f3n de espacios amigables de ni\u00f1os y ni\u00f1as y adolescentes con una cobertura regional, tanto en el Hospital de Coelemu, en el Hospital Herminda Mart\u00edn, y tambi\u00e9n en postas y CESFAM de distintas comunas de la regi\u00f3n. La idea es que exista un espacio amigable, entretenido y que mejore la experiencia, que muchas veces es un poco compleja en t\u00e9rminos cl\u00ednicos, de los ni\u00f1os y ni\u00f1as y sus familias\u201d.<\/p>\n<p>En la misma l\u00ednea, la Directora del Hospital Cl\u00ednico Herminda Mart\u00edn, Dra. Luz Mar\u00eda Mor\u00e1n Ib\u00e1\u00f1ez, recalc\u00f3: \u201cRecibimos un kit de implementos, gracias a la gesti\u00f3n de la seremi de Desarrollo Social y Familia, que nos permiti\u00f3 habilitar un rinc\u00f3n infantil, con juegos, cuentos, l\u00e1minas, materiales did\u00e1cticos, l\u00e1pices, plasticina, en el Servicio de Gesti\u00f3n Pre Quir\u00fargica y Cirug\u00eda Mayor Ambulatoria. Todo esto, permitir\u00e1 hacer m\u00e1s amena la espera de ni\u00f1as, ni\u00f1os y adolescentes antes de la intervenci\u00f3n quir\u00fargica y por supuesto, disminuir el nivel de ansiedad que puede generar hospitalizarse, para realizar una cirug\u00eda\u201d.<\/p>\n<p>\u201cSabemos que estas estrategias contribuyen a generar un entorno m\u00e1s accesible, seguro y protector de la infancia, en momentos que son muchas veces de gran impacto familiar, como lo son las atenciones de salud y por eso, agradecemos y valoramos que nuestro Hospital, pueda contar con este espacio\u201d a\u00f1adi\u00f3 la directiva.<\/p>\n<p><strong>\u00a0<\/strong>La implementaci\u00f3n de estos espacios forma parte del <strong>Plan Integral de Bienestar para Ni\u00f1os, Ni\u00f1as y Adolescentes<\/strong>, en el marco de la iniciativa <strong>\u201cBuen Trato en Movimiento\u201d<\/strong>, promoviendo ambientes m\u00e1s dignos y adecuados para el desarrollo infantil en los establecimientos de salud.<\/p>\n<p>&nbsp;<\/p>\n","protected":false},"excerpt":{"rendered":"<p>La medida considera la entrega de materiales para crear rincones infantiles en hospitales y centros de atenci\u00f3n primaria, contribuyendo a mejorar la experiencia de ni\u00f1as, ni\u00f1os y sus familias durante su atenci\u00f3n en salud.<\/p>\n","protected":false},"author":3,"featured_media":15609,"comment_status":"closed","ping_status":"closed","sticky":false,"template":"","format":"standard","meta":{"_acf_changed":false,"_monsterinsights_skip_tracking":false,"_monsterinsights_sitenote_active":false,"_monsterinsights_sitenote_note":"","_monsterinsights_sitenote_category":0,"footnotes":""},"categories":[4],"tags":[],"class_list":["post-15608","post","type-post","status-publish","format-standard","has-post-thumbnail","hentry","category-noticias"],"acf":[],"publishpress_future_action":{"enabled":false,"date":"2026-05-08 03:14:53","action":"change-status","newStatus":"draft","terms":[],"taxonomy":"category","extraData":[]},"publishpress_future_workflow_manual_trigger":{"enabledWorkflows":[]},"_links":{"self":[{"href":"https:\/\/hospitaldechillan.cl\/web\/wp-json\/wp\/v2\/posts\/15608","targetHints":{"allow":["GET"]}}],"collection":[{"href":"https:\/\/hospitaldechillan.cl\/web\/wp-json\/wp\/v2\/posts"}],"about":[{"href":"https:\/\/hospitaldechillan.cl\/web\/wp-json\/wp\/v2\/types\/post"}],"author":[{"embeddable":true,"href":"https:\/\/hospitaldechillan.cl\/web\/wp-json\/wp\/v2\/users\/3"}],"replies":[{"embeddable":true,"href":"https:\/\/hospitaldechillan.cl\/web\/wp-json\/wp\/v2\/comments?post=15608"}],"version-history":[{"count":1,"href":"https:\/\/hospitaldechillan.cl\/web\/wp-json\/wp\/v2\/posts\/15608\/revisions"}],"predecessor-version":[{"id":15610,"href":"https:\/\/hospitaldechillan.cl\/web\/wp-json\/wp\/v2\/posts\/15608\/revisions\/15610"}],"wp:featuredmedia":[{"embeddable":true,"href":"https:\/\/hospitaldechillan.cl\/web\/wp-json\/wp\/v2\/media\/15609"}],"wp:attachment":[{"href":"https:\/\/hospitaldechillan.cl\/web\/wp-json\/wp\/v2\/media?parent=15608"}],"wp:term":[{"taxonomy":"category","embeddable":true,"href":"https:\/\/hospitaldechillan.cl\/web\/wp-json\/wp\/v2\/categories?post=15608"},{"taxonomy":"post_tag","embeddable":true,"href":"https:\/\/hospitaldechillan.cl\/web\/wp-json\/wp\/v2\/tags?post=15608"}],"curies":[{"name":"wp","href":"https:\/\/api.w.org\/{rel}","templated":true}]}}