{"id":15599,"date":"2026-03-11T15:49:41","date_gmt":"2026-03-11T19:49:41","guid":{"rendered":"https:\/\/hospitaldechillan.cl\/web\/?p=15599"},"modified":"2026-03-11T16:06:56","modified_gmt":"2026-03-11T20:06:56","slug":"campana-de-vacunacion-2026-hospital-de-chillan-habilita-punto-en-el-cae","status":"publish","type":"post","link":"https:\/\/hospitaldechillan.cl\/web\/campana-de-vacunacion-2026-hospital-de-chillan-habilita-punto-en-el-cae\/","title":{"rendered":"Campa\u00f1a de Vacunaci\u00f3n 2026: Hospital de Chill\u00e1n habilita punto en el CAE"},"content":{"rendered":"<p>Con el prop\u00f3sito de acercar el proceso de inoculaci\u00f3n a las personas pertenecientes a los grupos objetivo, desde este lunes 9 de marzo, los equipos del Hospital Cl\u00ednico Herminda Mart\u00edn (HCHM) habilitaron un punto de vacunaci\u00f3n contra la Influenza en dependencias del Centro Ambulatorio de Especialidades (CAE).<\/p>\n<p>La vacuna es una de las herramientas m\u00e1s eficaces para prevenir enfermedades, especialmente durante la temporada invernal. Por ello, el llamado es a la comunidad a acercarse a los vacunatorios de los establecimientos de atenci\u00f3n primaria y a los puntos extraordinarios habilitados para protegerse oportunamente.<\/p>\n<p>En esa l\u00ednea, la <strong>Directora del Servicio de Salud \u00d1uble (SS\u00d1), Elizabeth Abarca Trivi\u00f1o<\/strong>, destac\u00f3 esta iniciativa que busca facilitar el acceso de la comunidad, se\u00f1alando que: \u201cEste tipo de acciones viene a potenciar el despliegue realizado por la red asistencial y tiene por finalidad que la poblaci\u00f3n m\u00e1s vulnerable se encuentre protegida antes del per\u00edodo m\u00e1s complejo del invierno, especialmente las y los adultos de 60 a\u00f1os y m\u00e1s, embarazadas, ni\u00f1os y ni\u00f1as, y personas diagnosticadas con enfermedades cr\u00f3nicas o inmunocomprometidas. Agradecemos a los equipos de salud por su compromiso con el cuidado de la comunidad. Esperamos paulatinamente ir aumentando los puntos dispuestos en la regi\u00f3n para as\u00ed acercar y facilitar la inmunizaci\u00f3n a todo el territorio\u201d.<\/p>\n<p><img loading=\"lazy\" decoding=\"async\" class=\"alignnone size-medium wp-image-15603\" src=\"https:\/\/hospitaldechillan.cl\/web\/wp-content\/uploads\/2026\/03\/2-3-640x360.png\" alt=\"\" width=\"640\" height=\"360\" srcset=\"https:\/\/hospitaldechillan.cl\/web\/wp-content\/uploads\/2026\/03\/2-3-640x360.png 640w, https:\/\/hospitaldechillan.cl\/web\/wp-content\/uploads\/2026\/03\/2-3-1200x675.png 1200w, https:\/\/hospitaldechillan.cl\/web\/wp-content\/uploads\/2026\/03\/2-3-768x432.png 768w, https:\/\/hospitaldechillan.cl\/web\/wp-content\/uploads\/2026\/03\/2-3-1536x864.png 1536w, https:\/\/hospitaldechillan.cl\/web\/wp-content\/uploads\/2026\/03\/2-3.png 1600w\" sizes=\"auto, (max-width: 640px) 100vw, 640px\" \/><\/p>\n<p>Por su parte, la <strong>Directora del HCHM, Dra. Mar\u00eda Luz Mor\u00e1n Ib\u00e1\u00f1ez<\/strong>, resalt\u00f3: \u201cCada d\u00eda en el CAE transitan cerca de 2 mil personas que acuden a controles de salud, retiro de medicamentos o distintos tr\u00e1mites asociados. Por ello, habilitamos como establecimiento este punto de vacunaci\u00f3n, que permitir\u00e1 prevenir complicaciones graves asociadas a la influenza, hospitalizaciones y, en los casos m\u00e1s extremos, fallecimientos. Adem\u00e1s, tambi\u00e9n iniciamos la protecci\u00f3n de nuestros equipos cl\u00ednicos y administrativos, asegurando la continuidad de la atenci\u00f3n, ya que somos la primera l\u00ednea del cuidado\u201d.<\/p>\n<p>El punto de vacunaci\u00f3n estar\u00e1 operativo en el CAE de lunes a jueves, entre las 14:00 y las 16:30 horas, y est\u00e1 dirigido especialmente a los grupos de riesgo definidos por el Ministerio de Salud.<\/p>\n<p><strong>Poblaci\u00f3n Objetivo<\/strong><\/p>\n<p>En \u00d1uble, alrededor de <strong>306 mil personas<\/strong> forman parte de los grupos prioritarios que deben vacunarse contra la Influenza. Entre ellos se encuentran el personal de salud; personas de 60 a\u00f1os y m\u00e1s; personas con patolog\u00edas cr\u00f3nicas (desde los 6 meses en COVID-19 y entre los 11 y 59 a\u00f1os en Influenza); gestantes; cuidadores de personas mayores y funcionarios de Establecimientos de Larga Estad\u00eda para Adultos Mayores (ELEAM); adem\u00e1s de ni\u00f1os y ni\u00f1as desde los seis meses hasta quinto b\u00e1sico, junto a docentes y asistentes de la educaci\u00f3n preescolar y escolar hasta octavo b\u00e1sico.<\/p>\n","protected":false},"excerpt":{"rendered":"<p>El principal objetivo de esta estrategia es proteger anticipadamente a los grupos de mayor riesgo frente a los virus respiratorios que registran mayor circulaci\u00f3n durante el invierno.<\/p>\n","protected":false},"author":3,"featured_media":15600,"comment_status":"closed","ping_status":"closed","sticky":false,"template":"","format":"standard","meta":{"_acf_changed":false,"_monsterinsights_skip_tracking":false,"_monsterinsights_sitenote_active":false,"_monsterinsights_sitenote_note":"","_monsterinsights_sitenote_category":0,"footnotes":""},"categories":[4],"tags":[],"class_list":["post-15599","post","type-post","status-publish","format-standard","has-post-thumbnail","hentry","category-noticias"],"acf":[],"publishpress_future_action":{"enabled":false,"date":"2026-05-07 11:58:00","action":"change-status","newStatus":"draft","terms":[],"taxonomy":"category","extraData":[]},"publishpress_future_workflow_manual_trigger":{"enabledWorkflows":[]},"_links":{"self":[{"href":"https:\/\/hospitaldechillan.cl\/web\/wp-json\/wp\/v2\/posts\/15599","targetHints":{"allow":["GET"]}}],"collection":[{"href":"https:\/\/hospitaldechillan.cl\/web\/wp-json\/wp\/v2\/posts"}],"about":[{"href":"https:\/\/hospitaldechillan.cl\/web\/wp-json\/wp\/v2\/types\/post"}],"author":[{"embeddable":true,"href":"https:\/\/hospitaldechillan.cl\/web\/wp-json\/wp\/v2\/users\/3"}],"replies":[{"embeddable":true,"href":"https:\/\/hospitaldechillan.cl\/web\/wp-json\/wp\/v2\/comments?post=15599"}],"version-history":[{"count":5,"href":"https:\/\/hospitaldechillan.cl\/web\/wp-json\/wp\/v2\/posts\/15599\/revisions"}],"predecessor-version":[{"id":15607,"href":"https:\/\/hospitaldechillan.cl\/web\/wp-json\/wp\/v2\/posts\/15599\/revisions\/15607"}],"wp:featuredmedia":[{"embeddable":true,"href":"https:\/\/hospitaldechillan.cl\/web\/wp-json\/wp\/v2\/media\/15600"}],"wp:attachment":[{"href":"https:\/\/hospitaldechillan.cl\/web\/wp-json\/wp\/v2\/media?parent=15599"}],"wp:term":[{"taxonomy":"category","embeddable":true,"href":"https:\/\/hospitaldechillan.cl\/web\/wp-json\/wp\/v2\/categories?post=15599"},{"taxonomy":"post_tag","embeddable":true,"href":"https:\/\/hospitaldechillan.cl\/web\/wp-json\/wp\/v2\/tags?post=15599"}],"curies":[{"name":"wp","href":"https:\/\/api.w.org\/{rel}","templated":true}]}}