{"id":15575,"date":"2026-03-03T13:35:46","date_gmt":"2026-03-03T17:35:46","guid":{"rendered":"https:\/\/hospitaldechillan.cl\/web\/?p=15575"},"modified":"2026-03-05T13:58:00","modified_gmt":"2026-03-05T17:58:00","slug":"en-el-dia-mundial-de-la-salud-auditiva-refuerzan-prevencion-y-rehabilitacion-en-nuble","status":"publish","type":"post","link":"https:\/\/hospitaldechillan.cl\/web\/en-el-dia-mundial-de-la-salud-auditiva-refuerzan-prevencion-y-rehabilitacion-en-nuble\/","title":{"rendered":"En el D\u00eda Mundial de la Salud Auditiva refuerzan prevenci\u00f3n y rehabilitaci\u00f3n en \u00d1uble"},"content":{"rendered":"<p>En el marco del <strong>D\u00eda Mundial de la Salud Auditiva, el Servicio de Salud \u00d1uble (SS\u00d1)<\/strong> reiter\u00f3 el llamado a la comunidad a cuidar la audici\u00f3n a lo largo de todo el ciclo vital, promoviendo la prevenci\u00f3n, el diagn\u00f3stico oportuno y el acceso a tratamientos y procesos de rehabilitaci\u00f3n que permiten mantener la autonom\u00eda y la calidad de vida.<\/p>\n<p>La p\u00e9rdida auditiva es una condici\u00f3n que puede desarrollarse de manera progresiva y silenciosa, afectando la comunicaci\u00f3n, la participaci\u00f3n social y el bienestar emocional de quienes la presentan. Entre sus principales causas se encuentran la exposici\u00f3n prolongada a ruidos intensos, infecciones no tratadas, enfermedades cr\u00f3nicas y el propio proceso de envejecimiento.<\/p>\n<p>En ese sentido, el <strong>Subdirector de Gesti\u00f3n Asistencial del SS\u00d1, Dr. Max Besser Valenzuela<\/strong>, enfatiz\u00f3: \u201cEs importante consultar ante se\u00f1ales de alerta como dificultad para comprender conversaciones, necesidad de aumentar el volumen del televisor o la radio, sensaci\u00f3n persistente de o\u00eddo tapado o aislamiento social progresivo. Recordar adem\u00e1s que es relevante evitar la exposici\u00f3n a ruidos fuertes y utilizar protecci\u00f3n auditiva cuando corresponda\u201d.<\/p>\n<p>\u201cLa red p\u00fablica de salud cuenta con prestaciones orientadas a la detecci\u00f3n y tratamiento oportuno de problemas auditivos, tanto en Atenci\u00f3n Primaria como en el nivel hospitalario, incluyendo la entrega de aud\u00edfonos en el marco de las Garant\u00edas Expl\u00edcitas en Salud (GES) para personas mayores que lo requieren\u201d, recalc\u00f3 el facultativo.<\/p>\n<p>Durante el 2025, seg\u00fan los registros GES, de las tres patolog\u00edas cubiertas, se confirmaron 1.567 casos de Hipoacusia Bilateral en personas mayores de 65 a\u00f1os; 9 de Hipoacusia Moderada en menores de 4 a\u00f1os; y 0 casos de Hipoacusia Neurosensorial del prematuro.<\/p>\n<h3><strong>Rehabilitaci\u00f3n auditiva<\/strong><\/h3>\n<p>Potenciando el lineamiento preventivo, el <strong>Hospital Cl\u00ednico Herminda Mart\u00edn (HCHM) ha fortalecido las estrategias de acompa\u00f1amiento a personas mayores usuarias de aud\u00edfonos, a trav\u00e9s de talleres de rehabilitaci\u00f3n auditiva que buscan potenciar su uso adecuado.<\/strong><\/p>\n<p>Durante el 2025, el establecimiento de salud entreg\u00f3 3.380 aud\u00edfonos a adultos mayores con discapacidad auditiva mediante el GES, mientras que en lo que va del 2026 dicha cifra alcanza los 222 equipos. Por ello, estas instancias educativas que permiten a los participantes aprender sobre el correcto uso, limpieza y mantenci\u00f3n de sus aud\u00edfonos, adem\u00e1s de resolver dudas frecuentes y compartir experiencias.<\/p>\n<p>\u201cLa adaptaci\u00f3n a estos dispositivos no es inmediata y requiere un proceso de reentrenamiento auditivo, por lo que el acompa\u00f1amiento profesional resulta fundamental para lograr una adecuada adherencia al tratamiento. En ese sentido, los talleres tambi\u00e9n abordan estrategias para desenvolverse en distintos entornos, como reuniones familiares, espacios sociales o lugares con mayor ruido ambiental, favoreciendo la seguridad y confianza de las personas mayores en su vida cotidiana\u201d, se\u00f1al\u00f3 <strong>Patricio Fuentes Baltierra, fonoaudi\u00f3logo del HCHM.<\/strong><\/p>\n<p>Asimismo, el profesional recalc\u00f3 que \u201cestas acciones contribuyen a disminuir el aislamiento social que muchas veces acompa\u00f1a a la p\u00e9rdida auditiva no tratada, generando espacios de encuentro y apoyo entre pares\u201d.<\/p>\n<p>En este D\u00eda Mundial de la Salud Auditiva, el llamado es claro: proteger la audici\u00f3n, consultar a tiempo y utilizar adecuadamente los tratamientos disponibles que pueden marcar una diferencia significativa en la calidad de vida de la poblaci\u00f3n.<\/p>\n<h2><\/h2>\n","protected":false},"excerpt":{"rendered":"<p>El Servicio de Salud \u00d1uble destac\u00f3 la importancia de la detecci\u00f3n precoz de la p\u00e9rdida auditiva y relev\u00f3 el trabajo del Hospital Cl\u00ednico Herminda Mart\u00edn en talleres de rehabilitaci\u00f3n dirigidos a personas mayores usuarias de aud\u00edfonos.<\/p>\n","protected":false},"author":3,"featured_media":15576,"comment_status":"closed","ping_status":"closed","sticky":false,"template":"","format":"standard","meta":{"_acf_changed":false,"_monsterinsights_skip_tracking":false,"_monsterinsights_sitenote_active":false,"_monsterinsights_sitenote_note":"","_monsterinsights_sitenote_category":0,"footnotes":""},"categories":[4],"tags":[],"class_list":["post-15575","post","type-post","status-publish","format-standard","has-post-thumbnail","hentry","category-noticias"],"acf":[],"publishpress_future_action":{"enabled":false,"date":"2026-05-03 07:19:43","action":"change-status","newStatus":"draft","terms":[],"taxonomy":"category","extraData":[]},"publishpress_future_workflow_manual_trigger":{"enabledWorkflows":[]},"_links":{"self":[{"href":"https:\/\/hospitaldechillan.cl\/web\/wp-json\/wp\/v2\/posts\/15575","targetHints":{"allow":["GET"]}}],"collection":[{"href":"https:\/\/hospitaldechillan.cl\/web\/wp-json\/wp\/v2\/posts"}],"about":[{"href":"https:\/\/hospitaldechillan.cl\/web\/wp-json\/wp\/v2\/types\/post"}],"author":[{"embeddable":true,"href":"https:\/\/hospitaldechillan.cl\/web\/wp-json\/wp\/v2\/users\/3"}],"replies":[{"embeddable":true,"href":"https:\/\/hospitaldechillan.cl\/web\/wp-json\/wp\/v2\/comments?post=15575"}],"version-history":[{"count":1,"href":"https:\/\/hospitaldechillan.cl\/web\/wp-json\/wp\/v2\/posts\/15575\/revisions"}],"predecessor-version":[{"id":15577,"href":"https:\/\/hospitaldechillan.cl\/web\/wp-json\/wp\/v2\/posts\/15575\/revisions\/15577"}],"wp:featuredmedia":[{"embeddable":true,"href":"https:\/\/hospitaldechillan.cl\/web\/wp-json\/wp\/v2\/media\/15576"}],"wp:attachment":[{"href":"https:\/\/hospitaldechillan.cl\/web\/wp-json\/wp\/v2\/media?parent=15575"}],"wp:term":[{"taxonomy":"category","embeddable":true,"href":"https:\/\/hospitaldechillan.cl\/web\/wp-json\/wp\/v2\/categories?post=15575"},{"taxonomy":"post_tag","embeddable":true,"href":"https:\/\/hospitaldechillan.cl\/web\/wp-json\/wp\/v2\/tags?post=15575"}],"curies":[{"name":"wp","href":"https:\/\/api.w.org\/{rel}","templated":true}]}}