{"id":15416,"date":"2026-02-10T11:30:18","date_gmt":"2026-02-10T15:30:18","guid":{"rendered":"https:\/\/hospitaldechillan.cl\/web\/?p=15416"},"modified":"2026-02-11T15:16:49","modified_gmt":"2026-02-11T19:16:49","slug":"hospital-de-chillan-realizo-por-primera-vez-cirugia-endoscopica-de-craneo","status":"publish","type":"post","link":"https:\/\/hospitaldechillan.cl\/web\/hospital-de-chillan-realizo-por-primera-vez-cirugia-endoscopica-de-craneo\/","title":{"rendered":"Hospital de Chill\u00e1n realiz\u00f3 por primera vez cirug\u00eda endosc\u00f3pica extendida de craneo"},"content":{"rendered":"<p>El <strong>Hospital Cl\u00ednico Herminda Mart\u00edn de Chill\u00e1n (HCHM)<\/strong> marc\u00f3 un importante hito en la salud p\u00fablica regional al realizar, por primera vez, una <strong>cirug\u00eda endosc\u00f3pica con acceso extendido de la base del cr\u00e1neo<\/strong>, una intervenci\u00f3n de alta complejidad que permite tratar tumores sin necesidad de abrir el cr\u00e1neo.<\/p>\n<p>El procedimiento fue coordinado por el <strong>Dr. Joaqu\u00edn Correa, jefe del servicio de Neurocirug\u00eda del HCHM<\/strong> y el <strong>Dr. Rodrigo Leiva, jefe del Servicio de otorrinolaringolog\u00eda<\/strong> del establecimiento y se realiz\u00f3 a una paciente de 43 a\u00f1os diagnosticada con <strong>estesioneuroblastoma<\/strong>, un tumor poco frecuente que se origina en la parte superior de la cavidad nasal y que puede extenderse hacia la base del cr\u00e1neo.<\/p>\n<p>\u201cEsta cirug\u00eda se realiza a trav\u00e9s de la nariz, utilizando una c\u00e1mara especial llamada endoscopio, lo que nos permite acceder al tumor de forma m\u00e1s segura y menos invasiva para la paciente\u201d, explic\u00f3 el Dr. Correa. Gracias a esta t\u00e9cnica, se evita una cirug\u00eda abierta, se reduce el dolor postoperatorio y se acortan los tiempos de recuperaci\u00f3n.<\/p>\n<p>La intervenci\u00f3n se efectu\u00f3 mediante un <strong>abordaje transnasal (a trav\u00e9s de la nariz) endosc\u00f3pico extendido<\/strong>, logrando retirar completamente el tumor. Posteriormente, el equipo m\u00e9dico reconstruy\u00f3 la base del cr\u00e1neo con tejidos especiales para asegurar una correcta separaci\u00f3n entre la cavidad nasal y el cerebro, evitando complicaciones.<\/p>\n<p>\u201cLa cirug\u00eda permiti\u00f3 retirar completamente el tumor y debimos reconstruir la base del cr\u00e1neo con varias capas de tejidos y tambi\u00e9n cart\u00edlagos nasales, buscando crear una barrera segura entre la cavidad nasal y el espacio intracraneal\u201d, sostuvo el <strong>Dr. Correa.<\/strong><\/p>\n<p>Los s\u00edntomas de esta patolog\u00eda pueden incluir p\u00e9rdida del sentido del olfato, sangrados nasales frecuentes, dificultad para respirar por la nariz, y a medida que crece podr\u00eda causar dolor en los ojos, o\u00eddos y cabeza, adem\u00e1s de ocasionar p\u00e9rdida de visi\u00f3n.<\/p>\n<p><img loading=\"lazy\" decoding=\"async\" class=\"alignnone size-medium wp-image-15418\" src=\"https:\/\/hospitaldechillan.cl\/web\/wp-content\/uploads\/2026\/02\/2-2-640x360.png\" alt=\"\" width=\"640\" height=\"360\" srcset=\"https:\/\/hospitaldechillan.cl\/web\/wp-content\/uploads\/2026\/02\/2-2-640x360.png 640w, https:\/\/hospitaldechillan.cl\/web\/wp-content\/uploads\/2026\/02\/2-2-1200x675.png 1200w, https:\/\/hospitaldechillan.cl\/web\/wp-content\/uploads\/2026\/02\/2-2-768x432.png 768w, https:\/\/hospitaldechillan.cl\/web\/wp-content\/uploads\/2026\/02\/2-2-1536x864.png 1536w, https:\/\/hospitaldechillan.cl\/web\/wp-content\/uploads\/2026\/02\/2-2.png 1600w\" sizes=\"auto, (max-width: 640px) 100vw, 640px\" \/><\/p>\n<p><strong>ABORDAJE INTERDISCIPLINARIO <\/strong><\/p>\n<p>El caso fue abordado de manera coordinada entre los equipos de <strong>Neurocirug\u00eda y Otorrinolaringolog\u00eda del establecimiento<\/strong>, junto con apoyo t\u00e9cnico de un referente nacional en este tipo de cirug\u00edas, <strong>Dr. Cristian Naudy, del Instituto de Neurocirug\u00eda<\/strong>, lo que permiti\u00f3 planificar y ejecutar el procedimiento con altos est\u00e1ndares de seguridad.<\/p>\n<p>La paciente evolucion\u00f3 favorablemente, sin complicaciones, y fue dada de alta, continuando su tratamiento oncol\u00f3gico de acuerdo a lo indicado.<\/p>\n<p>El <strong>Dr. Correa<\/strong> destac\u00f3 que este avance \u201cdemuestra que desde un hospital p\u00fablico y regional, es posible resolver patolog\u00edas complejas que antes requer\u00edan derivaci\u00f3n a centros de Santiago, acercando una atenci\u00f3n m\u00e1s oportuna y de calidad a las personas de \u00d1uble, gracias a una coordinaci\u00f3n entre especialidades, el apoyo de centros de alta complejidad que permiten a sus funcionarios ir a colaborar en regiones, fortaleciendo el trabajo en red y disponibilidad tecnol\u00f3gica\u201d.<\/p>\n<p>Para llevar a cabo el procedimiento fue necesario contar con tecnolog\u00eda endosc\u00f3pica avanzada e insumos de alta complejidad como lo son las \u00f3pticas anguladas y torres, adem\u00e1s de un aspirador ultras\u00f3nico, sistemas Midas \u2013implementos motorizados de alta velocidad y precisi\u00f3n, para el corte y disecci\u00f3n de hueso- y material especializado.<\/p>\n","protected":false},"excerpt":{"rendered":"<p>La intervenci\u00f3n, se desarroll\u00f3 en una mujer de 43 a\u00f1os, diagnosticada con un tumor (neuroblastoma olfatorio) que se origina en la zona superior de la cavidad nasal y puede extenderse a la base del cr\u00e1neo por lo que exige un manejo altamente especializado. <\/p>\n","protected":false},"author":3,"featured_media":15417,"comment_status":"closed","ping_status":"closed","sticky":false,"template":"","format":"standard","meta":{"_acf_changed":false,"_monsterinsights_skip_tracking":false,"_monsterinsights_sitenote_active":false,"_monsterinsights_sitenote_note":"","_monsterinsights_sitenote_category":0,"footnotes":""},"categories":[4],"tags":[],"class_list":["post-15416","post","type-post","status-publish","format-standard","has-post-thumbnail","hentry","category-noticias"],"acf":[],"publishpress_future_action":{"enabled":false,"date":"2026-05-03 07:22:06","action":"change-status","newStatus":"draft","terms":[],"taxonomy":"category","extraData":[]},"publishpress_future_workflow_manual_trigger":{"enabledWorkflows":[]},"_links":{"self":[{"href":"https:\/\/hospitaldechillan.cl\/web\/wp-json\/wp\/v2\/posts\/15416","targetHints":{"allow":["GET"]}}],"collection":[{"href":"https:\/\/hospitaldechillan.cl\/web\/wp-json\/wp\/v2\/posts"}],"about":[{"href":"https:\/\/hospitaldechillan.cl\/web\/wp-json\/wp\/v2\/types\/post"}],"author":[{"embeddable":true,"href":"https:\/\/hospitaldechillan.cl\/web\/wp-json\/wp\/v2\/users\/3"}],"replies":[{"embeddable":true,"href":"https:\/\/hospitaldechillan.cl\/web\/wp-json\/wp\/v2\/comments?post=15416"}],"version-history":[{"count":2,"href":"https:\/\/hospitaldechillan.cl\/web\/wp-json\/wp\/v2\/posts\/15416\/revisions"}],"predecessor-version":[{"id":15429,"href":"https:\/\/hospitaldechillan.cl\/web\/wp-json\/wp\/v2\/posts\/15416\/revisions\/15429"}],"wp:featuredmedia":[{"embeddable":true,"href":"https:\/\/hospitaldechillan.cl\/web\/wp-json\/wp\/v2\/media\/15417"}],"wp:attachment":[{"href":"https:\/\/hospitaldechillan.cl\/web\/wp-json\/wp\/v2\/media?parent=15416"}],"wp:term":[{"taxonomy":"category","embeddable":true,"href":"https:\/\/hospitaldechillan.cl\/web\/wp-json\/wp\/v2\/categories?post=15416"},{"taxonomy":"post_tag","embeddable":true,"href":"https:\/\/hospitaldechillan.cl\/web\/wp-json\/wp\/v2\/tags?post=15416"}],"curies":[{"name":"wp","href":"https:\/\/api.w.org\/{rel}","templated":true}]}}