{"id":15289,"date":"2026-01-19T10:50:53","date_gmt":"2026-01-19T14:50:53","guid":{"rendered":"https:\/\/hospitaldechillan.cl\/web\/?p=15289"},"modified":"2026-01-19T10:50:53","modified_gmt":"2026-01-19T14:50:53","slug":"cuidemos-la-salud-de-las-y-los-adultos-mayores-ante-las-altas-temperaturas-y-la-presencia-de-humo-en-el-ambiente","status":"publish","type":"post","link":"https:\/\/hospitaldechillan.cl\/web\/cuidemos-la-salud-de-las-y-los-adultos-mayores-ante-las-altas-temperaturas-y-la-presencia-de-humo-en-el-ambiente\/","title":{"rendered":"Cuidemos la salud de las y los adultos mayores ante las altas temperaturas y la presencia de humo en el ambiente"},"content":{"rendered":"<p>Las altas temperaturas, sumadas a la emergencia presente en la Regi\u00f3n de \u00d1uble, debido a los m\u00faltiples focos de incendios forestales, que exigieron el decreto de estado de cat\u00e1strofe en la zona y alerta sanitaria, requieren tambi\u00e9n extremar los cuidados ante este escenario, en los grupos de adultos mayores y tambi\u00e9n los enfermos cr\u00f3nicos, tal como lo sugieren especialistas del <strong>Hospital Cl\u00ednico Herminda Mart\u00edn (HCHM).<\/strong><\/p>\n<p>De acuerdo al pron\u00f3stico del tiempo de la Direcci\u00f3n Meteorol\u00f3gica de Chile, \u00d1uble mantendr\u00e1 durante esta semana temperaturas m\u00e1ximas que superar\u00e1n los 30\u00ba grados celsius, por ello, el <strong>Dr. Nicol\u00e1s Rubio, jefe de la Unidad de Emergencia del HCHM<\/strong>, recomend\u00f3 que \u201clos adultos mayores tienen una menor percepci\u00f3n del calor y la sed, por ello debemos mantenerlos en un lugar fresco, evitar su exposici\u00f3n prolongada al calor y al sol e hidratarlos frecuentemente con agua. Si notamos s\u00edntomas como confusi\u00f3n, desorientaci\u00f3n, piel caliente y seca o tal vez, sudoraci\u00f3n excesiva, dolor de cabeza intenso, n\u00e1useas y v\u00f3mitos, pulso y respiraci\u00f3n acelerados, debilidad, somnolencia y p\u00e9rdida de conciencia, debemos trasladarlos al servicio de urgencia m\u00e1s cercano a su hogar\u201d.<\/p>\n<p>La emergencia por incendios forestales tambi\u00e9n puede afectar la salud de las y los adultos mayores, especialmente si viven en las cercan\u00edas de donde se desarrolla un siniestro.<\/p>\n<p>Para ello, el especialista agreg\u00f3 que \u201cemergencias como \u00e9stas, generan riesgo a la salud debido a la inhalaci\u00f3n de los gases que emanan del siniestro, los que provocan irritaci\u00f3n de las v\u00edas a\u00e9reas y de otras mucosas. Debemos estar alertas a los primeros s\u00edntomas de intoxicaci\u00f3n por humo que son tos con o sin mucosidad, latido card\u00edaco acelerado, garganta irritada, dificultad para respirar, dolor de pecho, picor en los ojos, y dolor de cabeza, para buscar atenci\u00f3n de salud de ser necesario\u201d.<\/p>\n<p>Algunas medidas de prevenci\u00f3n, son cubrir boca y nariz con un pa\u00f1o h\u00famedo o mascarilla, para proteger las v\u00edas respiratorias. En el hogar mantener las puertas y ventanas cerradas y evitar que los adultos mayores salgan al exterior de no ser necesario.<\/p>\n<p><strong>El Dr. Rubio<\/strong> adem\u00e1s enfatiz\u00f3 que \u201cante la contingencia provocada por los incendios forestales, le pedimos a la comunidad que contribuya a nuestro trabajo colaborativo, siguiendo las recomendaciones de las autoridades sanitarias y realizando un buen uso de los dispositivos de urgencia, es decir acudir a los Servicios de Atenci\u00f3n Primaria de Urgencias (SAPU) y los del alta resoluci\u00f3n (SAR) en caso de problemas de salud leves, para que la unidad de emergencia hospitalaria pueda enfocarse solo a las situaciones de mayor gravedad y de esa manera responder de la mejor forma a las urgencias provocadas por la emergencia regional\u201d.<\/p>\n<p>Finalmente, reforzar el uso de la l\u00ednea Salud Responde al 600 360 7777, para recibir orientaci\u00f3n sobre medidas b\u00e1sicas ante una complicaci\u00f3n de salud y evaluar el manejo domiciliario de los s\u00edntomas o la necesidad de acudir a un centro asistencial.<\/p>\n","protected":false},"excerpt":{"rendered":"<p>La Regi\u00f3n de \u00d1uble, est\u00e1 en estado de cat\u00e1strofe por los incendios forestales y es fundamental extremar el cuidado de adultos mayores y enfermos cr\u00f3nicos, grupos m\u00e1s vulnerable en este escenario.<\/p>\n","protected":false},"author":3,"featured_media":15291,"comment_status":"open","ping_status":"closed","sticky":false,"template":"","format":"standard","meta":{"_acf_changed":false,"_monsterinsights_skip_tracking":false,"_monsterinsights_sitenote_active":false,"_monsterinsights_sitenote_note":"","_monsterinsights_sitenote_category":0,"footnotes":""},"categories":[4],"tags":[],"class_list":["post-15289","post","type-post","status-publish","format-standard","has-post-thumbnail","hentry","category-noticias"],"acf":[],"publishpress_future_action":{"enabled":false,"date":"2026-05-03 05:52:26","action":"change-status","newStatus":"draft","terms":[],"taxonomy":"category","extraData":[]},"publishpress_future_workflow_manual_trigger":{"enabledWorkflows":[]},"_links":{"self":[{"href":"https:\/\/hospitaldechillan.cl\/web\/wp-json\/wp\/v2\/posts\/15289","targetHints":{"allow":["GET"]}}],"collection":[{"href":"https:\/\/hospitaldechillan.cl\/web\/wp-json\/wp\/v2\/posts"}],"about":[{"href":"https:\/\/hospitaldechillan.cl\/web\/wp-json\/wp\/v2\/types\/post"}],"author":[{"embeddable":true,"href":"https:\/\/hospitaldechillan.cl\/web\/wp-json\/wp\/v2\/users\/3"}],"replies":[{"embeddable":true,"href":"https:\/\/hospitaldechillan.cl\/web\/wp-json\/wp\/v2\/comments?post=15289"}],"version-history":[{"count":2,"href":"https:\/\/hospitaldechillan.cl\/web\/wp-json\/wp\/v2\/posts\/15289\/revisions"}],"predecessor-version":[{"id":15292,"href":"https:\/\/hospitaldechillan.cl\/web\/wp-json\/wp\/v2\/posts\/15289\/revisions\/15292"}],"wp:featuredmedia":[{"embeddable":true,"href":"https:\/\/hospitaldechillan.cl\/web\/wp-json\/wp\/v2\/media\/15291"}],"wp:attachment":[{"href":"https:\/\/hospitaldechillan.cl\/web\/wp-json\/wp\/v2\/media?parent=15289"}],"wp:term":[{"taxonomy":"category","embeddable":true,"href":"https:\/\/hospitaldechillan.cl\/web\/wp-json\/wp\/v2\/categories?post=15289"},{"taxonomy":"post_tag","embeddable":true,"href":"https:\/\/hospitaldechillan.cl\/web\/wp-json\/wp\/v2\/tags?post=15289"}],"curies":[{"name":"wp","href":"https:\/\/api.w.org\/{rel}","templated":true}]}}