{"id":15286,"date":"2026-01-19T09:44:42","date_gmt":"2026-01-19T13:44:42","guid":{"rendered":"https:\/\/hospitaldechillan.cl\/web\/?p=15286"},"modified":"2026-01-19T09:44:42","modified_gmt":"2026-01-19T13:44:42","slug":"hospital-de-chillan-llama-a-cuidarse-y-acudir-a-la-unidad-de-emergencias-solo-en-situaciones-de-gravedad","status":"publish","type":"post","link":"https:\/\/hospitaldechillan.cl\/web\/hospital-de-chillan-llama-a-cuidarse-y-acudir-a-la-unidad-de-emergencias-solo-en-situaciones-de-gravedad\/","title":{"rendered":"Hospital de Chill\u00e1n llama a cuidarse y acudir a la Unidad de Emergencias solo en situaciones de gravedad"},"content":{"rendered":"<p class=\"p1\"><i>La prioridad es mantener un flujo de atenci\u00f3n expedito ante la probabilidad de un aumento en la demanda asistencial, producto de los efectos secundarios de los incendios forestales y de las complicaciones de salud asociadas a las altas temperaturas que afectan a la Regi\u00f3n.<\/i><\/p>\n<p class=\"p1\">Un llamado a acudir a la Unidad de Emergencia solo en casos graves o de riesgo vital, con el objetivo de asegurar una atenci\u00f3n expedita y oportuna, realiz\u00f3 la directora del Hospital Cl\u00ednico Herminda Mart\u00edn de Chill\u00e1n, doctora Luz Mar\u00eda Mor\u00e1n, ante la emergencia por incendios y las temperaturas extremas que afectan a la Regi\u00f3n de \u00d1uble, con registros superiores a los 36 grados para este domingo.<\/p>\n<p class=\"p1\">En este escenario, la autoridad hospitalaria se\u00f1al\u00f3 que la principal preocupaci\u00f3n es proteger la salud de las personas y resguardar el funcionamiento adecuado de la red asistencial.<\/p>\n<p class=\"p2\"><b>Complicaciones por el humo<\/b><\/p>\n<p class=\"p1\">\u201cLos equipos de la Unidad de Emergencia est\u00e1n preparados para responder ante estos eventos cr\u00edticos, que pueden manifestarse en da\u00f1os directos por el fuego, consultas por irritaci\u00f3n severa de ojos y del sistema respiratorio, as\u00ed como en el agravamiento de la condici\u00f3n de salud de personas con enfermedades card\u00edacas, pulmonares o respiratorias\u201d, explic\u00f3 la facultativa.<\/p>\n<p class=\"p1\">Este tipo de complicaciones puede incrementar las consultas m\u00e9dicas y ralentizar los procesos de priorizaci\u00f3n y atenci\u00f3n de pacientes.<\/p>\n<p class=\"p1\">Por ello, la directora del Hospital recomend\u00f3 que las personas que residen, especialmente, en las cercan\u00edas de las zonas afectadas por los incendios, \u201ccierren puertas y ventanas para disminuir la exposici\u00f3n al humo, limpien las superficies con un pa\u00f1o h\u00famedo y que los grupos de riesgo, como personas mayores y ni\u00f1os, eviten salir de sus hogares\u201d.<\/p>\n<p class=\"p2\"><b>Riesgos de las altas temperaturas<\/b><\/p>\n<p class=\"p1\">Respecto de la alerta por altas temperaturas, la doctora Mor\u00e1n fue enf\u00e1tica: \u201cGuaguas, ni\u00f1as y ni\u00f1os peque\u00f1os, personas mayores y quienes padecen enfermedades cr\u00f3nicas no deben exponerse al calor, especialmente durante las horas m\u00e1s cr\u00edticas -entre las 11 y las 16 horas. Deben permanecer en espacios con sombra, m\u00e1s frescos, y mantenerse hidratados varias veces al d\u00eda\u201d.<\/p>\n<p class=\"p1\">La exposici\u00f3n prolongada a temperaturas elevadas puede alterar funciones vitales y provocar problemas de salud como calambres, deshidrataci\u00f3n, mareos y v\u00f3mitos, s\u00edntomas asociados al llamado \u201cgolpe de calor\u201d, una condici\u00f3n grave que, si no se maneja oportunamente, puede incluso provocar la muerte.<\/p>\n<p class=\"p1\">Ante la presencia de estos s\u00edntomas, es fundamental consultar en un centro de salud. \u201cEl Hospital, en todas sus \u00e1reas, as\u00ed como los establecimientos de atenci\u00f3n primaria, est\u00e1n preparados para enfrentar esta contingencia. Sin embargo, las medidas de autocuidado de la poblaci\u00f3n y el seguimiento de las recomendaciones de la autoridad sanitaria siguen siendo la mejor forma de prevenci\u00f3n y contribuyen al buen funcionamiento del sistema de salud\u201d, precis\u00f3 la directora.<\/p>\n<p class=\"p1\">Finalmente, se record\u00f3 que la comunidad puede comunicarse con <b>SALUD RESPONDE<\/b>, al <b>600 360 7777<\/b>, para recibir orientaci\u00f3n sobre medidas b\u00e1sicas ante una complicaci\u00f3n de salud y evaluar el manejo domiciliario de los s\u00edntomas o la necesidad de acudir a un centro asistencial.<\/p>\n","protected":false},"excerpt":{"rendered":"<p>La prioridad es mantener un flujo de atenci\u00f3n expedito ante la probabilidad de un aumento en la demanda asistencial, producto de los efectos secundarios de los incendios forestales y de las complicaciones de salud asociadas a las altas temperaturas que afectan a la Regi\u00f3n. Un llamado a acudir a la Unidad de Emergencia solo en [&hellip;]<\/p>\n","protected":false},"author":9,"featured_media":15287,"comment_status":"open","ping_status":"closed","sticky":false,"template":"","format":"standard","meta":{"_acf_changed":false,"_monsterinsights_skip_tracking":false,"_monsterinsights_sitenote_active":false,"_monsterinsights_sitenote_note":"","_monsterinsights_sitenote_category":0,"footnotes":""},"categories":[4],"tags":[],"class_list":["post-15286","post","type-post","status-publish","format-standard","has-post-thumbnail","hentry","category-noticias"],"acf":[],"publishpress_future_action":{"enabled":false,"date":"2026-05-03 05:51:44","action":"change-status","newStatus":"draft","terms":[],"taxonomy":"category","extraData":[]},"publishpress_future_workflow_manual_trigger":{"enabledWorkflows":[]},"_links":{"self":[{"href":"https:\/\/hospitaldechillan.cl\/web\/wp-json\/wp\/v2\/posts\/15286","targetHints":{"allow":["GET"]}}],"collection":[{"href":"https:\/\/hospitaldechillan.cl\/web\/wp-json\/wp\/v2\/posts"}],"about":[{"href":"https:\/\/hospitaldechillan.cl\/web\/wp-json\/wp\/v2\/types\/post"}],"author":[{"embeddable":true,"href":"https:\/\/hospitaldechillan.cl\/web\/wp-json\/wp\/v2\/users\/9"}],"replies":[{"embeddable":true,"href":"https:\/\/hospitaldechillan.cl\/web\/wp-json\/wp\/v2\/comments?post=15286"}],"version-history":[{"count":1,"href":"https:\/\/hospitaldechillan.cl\/web\/wp-json\/wp\/v2\/posts\/15286\/revisions"}],"predecessor-version":[{"id":15288,"href":"https:\/\/hospitaldechillan.cl\/web\/wp-json\/wp\/v2\/posts\/15286\/revisions\/15288"}],"wp:featuredmedia":[{"embeddable":true,"href":"https:\/\/hospitaldechillan.cl\/web\/wp-json\/wp\/v2\/media\/15287"}],"wp:attachment":[{"href":"https:\/\/hospitaldechillan.cl\/web\/wp-json\/wp\/v2\/media?parent=15286"}],"wp:term":[{"taxonomy":"category","embeddable":true,"href":"https:\/\/hospitaldechillan.cl\/web\/wp-json\/wp\/v2\/categories?post=15286"},{"taxonomy":"post_tag","embeddable":true,"href":"https:\/\/hospitaldechillan.cl\/web\/wp-json\/wp\/v2\/tags?post=15286"}],"curies":[{"name":"wp","href":"https:\/\/api.w.org\/{rel}","templated":true}]}}