{"id":15261,"date":"2026-01-12T10:18:36","date_gmt":"2026-01-12T14:18:36","guid":{"rendered":"https:\/\/hospitaldechillan.cl\/web\/?p=15261"},"modified":"2026-01-12T10:18:46","modified_gmt":"2026-01-12T14:18:46","slug":"reconozca-los-sintomas-de-alerta-de-depresion-en-ninas-ninos-y-adolescentes","status":"publish","type":"post","link":"https:\/\/hospitaldechillan.cl\/web\/reconozca-los-sintomas-de-alerta-de-depresion-en-ninas-ninos-y-adolescentes\/","title":{"rendered":"Reconozca los s\u00edntomas de alerta de depresi\u00f3n en ni\u00f1as, ni\u00f1os y adolescentes"},"content":{"rendered":"<p>La depresi\u00f3n en ni\u00f1os, ni\u00f1as y adolescentes (NNA) constituye un problema relevante de salud mental en Chile y el mundo. Por ello, en el marco de una nueva conmemoraci\u00f3n del D\u00eda Mundial de la Lucha contra la Depresi\u00f3n, el <strong>Hospital Cl\u00ednico Herminda Mart\u00edn (HCHM)<\/strong> busca concientizar y difundir los s\u00edntomas de alerta en la poblaci\u00f3n infantoadolescente ante los cuales es necesario consultar de forma precoz.<\/p>\n<p>El <strong>Dr. Jorge Fierro, psiquiatra y jefe del Servicio de Psiquiatr\u00eda Infantoadolescente del HCHM<\/strong>, explic\u00f3 que \u201cla depresi\u00f3n es una enfermedad que impacta el desarrollo emocional, social y cognitivo, y que constituye un importante factor de riesgo de suicidio en la adolescencia\u201d. El especialista enfatiz\u00f3 en la importancia de que madres, padres y cuidadores est\u00e9n alertas a signos o se\u00f1ales que afectan de forma persistente su funcionamiento diario, para consultar de manera oportuna y reducir los riesgos asociados.<\/p>\n<p>En este grupo etario la depresi\u00f3n suele manifestarse de forma distinta a la observada en adultos. \u201cMuchas veces los ni\u00f1os y adolescentes no logran verbalizar lo que sienten o tienden a ocultarlo, por lo que la enfermedad se expresa a trav\u00e9s de cambios conductuales\u201d, asegur\u00f3 el Dr. Fierro.<\/p>\n<p>Entre los s\u00edntomas m\u00e1s frecuentes se encuentran la irritabilidad persistente, la tristeza prolongada, la p\u00e9rdida de inter\u00e9s en actividades habituales y el aislamiento social. \u201cCuando se agregan alteraciones importantes del sue\u00f1o o la alimentaci\u00f3n, conductas de riesgo o expresiones relacionadas con la muerte o el suicidio, se trata de se\u00f1ales de alarma que requieren evaluaci\u00f3n m\u00e9dica oportuna\u201d, relev\u00f3 el psiquiatra.<\/p>\n<p><strong>DEPRESI\u00d3N GRAVE CON GARANT\u00cdAS EXPL\u00cdCITAS EN SALUD<\/strong><\/p>\n<p>Desde diciembre de 2025, el Ministerio de Salud incluy\u00f3 la<strong> Depresi\u00f3n Grave en menores de 15 a\u00f1os, con o sin s\u00edntomas psic\u00f3ticos y riesgo suicida como el problema de salud 89 de las Garant\u00edas Expl\u00edcitas de Salud (Auge). <\/strong><\/p>\n<p>El <strong>Dr. Fierro<\/strong> asever\u00f3 que esta inclusi\u00f3n \u201crefuerza el abordaje de la salud mental infantil y juvenil, fortaleciendo la cobertura para este grupo, en condiciones de mayor gravedad, independiente de si pertenece a Fonasa o Isapre, asegurando el derecho a una atenci\u00f3n integral en la red p\u00fablica y privada\u201d.<\/p>\n<p>Es preciso destacar, que el diagn\u00f3stico de depresi\u00f3n grave puede realizarse en centros de salud ambulatorios, servicios de urgencia u hospitales, y una vez confirmada la patolog\u00eda, el GES garantiza:<\/p>\n<ul>\n<li><strong>Inicio inmediato del tratamiento<\/strong>, incluyendo hospitalizaci\u00f3n cuando el cuadro lo requiera seg\u00fan su presentaci\u00f3n cl\u00ednica.<\/li>\n<li>Acceso a <strong>tres modalidades de atenci\u00f3n<\/strong> seg\u00fan la necesidad de cada usuario: hospitalizaci\u00f3n convencional, hospitalizaci\u00f3n diurna y tratamiento ambulatorio.<\/li>\n<li><strong>Continuidad de cuidados<\/strong>, con control por especialista en un plazo m\u00e1ximo de 30 d\u00edas tras el alta hospitalaria.<\/li>\n<\/ul>\n<p>Cabe resaltar que la depresi\u00f3n, como otras enfermedades, tiene diferentes niveles de severidad y es considerada grave cuando interfiere de forma significativa con la vida diaria, se presenta con s\u00edntomas profundos y persistentes, pudiendo asociarse a la presencia de ideas suicidas, situaci\u00f3n que requiere de evaluaci\u00f3n y atenci\u00f3n m\u00e9dica precoz.<\/p>\n<p>&nbsp;<\/p>\n","protected":false},"excerpt":{"rendered":"<p>La sintomatolog\u00eda puede incluir desinter\u00e9s, cansancio persistente, tristeza prolongada, aislamiento social y alteraciones relevantes del sue\u00f1o o la alimentaci\u00f3n. La aparici\u00f3n de ideas relacionadas con la muerte o el suicidio, o la persistencia de estos s\u00edntomas por m\u00e1s de dos semanas, constituye una se\u00f1al de alarma que requiere atenci\u00f3n m\u00e9dica oportuna. <\/p>\n","protected":false},"author":3,"featured_media":15262,"comment_status":"open","ping_status":"closed","sticky":false,"template":"","format":"standard","meta":{"_acf_changed":false,"_monsterinsights_skip_tracking":false,"_monsterinsights_sitenote_active":false,"_monsterinsights_sitenote_note":"","_monsterinsights_sitenote_category":0,"footnotes":""},"categories":[4],"tags":[],"class_list":["post-15261","post","type-post","status-publish","format-standard","has-post-thumbnail","hentry","category-noticias"],"acf":[],"publishpress_future_action":{"enabled":false,"date":"2026-05-03 05:30:33","action":"change-status","newStatus":"draft","terms":[],"taxonomy":"category","extraData":[]},"publishpress_future_workflow_manual_trigger":{"enabledWorkflows":[]},"_links":{"self":[{"href":"https:\/\/hospitaldechillan.cl\/web\/wp-json\/wp\/v2\/posts\/15261","targetHints":{"allow":["GET"]}}],"collection":[{"href":"https:\/\/hospitaldechillan.cl\/web\/wp-json\/wp\/v2\/posts"}],"about":[{"href":"https:\/\/hospitaldechillan.cl\/web\/wp-json\/wp\/v2\/types\/post"}],"author":[{"embeddable":true,"href":"https:\/\/hospitaldechillan.cl\/web\/wp-json\/wp\/v2\/users\/3"}],"replies":[{"embeddable":true,"href":"https:\/\/hospitaldechillan.cl\/web\/wp-json\/wp\/v2\/comments?post=15261"}],"version-history":[{"count":1,"href":"https:\/\/hospitaldechillan.cl\/web\/wp-json\/wp\/v2\/posts\/15261\/revisions"}],"predecessor-version":[{"id":15263,"href":"https:\/\/hospitaldechillan.cl\/web\/wp-json\/wp\/v2\/posts\/15261\/revisions\/15263"}],"wp:featuredmedia":[{"embeddable":true,"href":"https:\/\/hospitaldechillan.cl\/web\/wp-json\/wp\/v2\/media\/15262"}],"wp:attachment":[{"href":"https:\/\/hospitaldechillan.cl\/web\/wp-json\/wp\/v2\/media?parent=15261"}],"wp:term":[{"taxonomy":"category","embeddable":true,"href":"https:\/\/hospitaldechillan.cl\/web\/wp-json\/wp\/v2\/categories?post=15261"},{"taxonomy":"post_tag","embeddable":true,"href":"https:\/\/hospitaldechillan.cl\/web\/wp-json\/wp\/v2\/tags?post=15261"}],"curies":[{"name":"wp","href":"https:\/\/api.w.org\/{rel}","templated":true}]}}