{"id":1512,"date":"2015-10-30T13:58:27","date_gmt":"2015-10-30T17:58:27","guid":{"rendered":"http:\/\/hospitaldechillan.cl\/web\/?p=1512"},"modified":"2015-10-30T13:58:27","modified_gmt":"2015-10-30T17:58:27","slug":"hospital-conmemoro-dia-de-la-prevencion-de-los-accidentes-laborales","status":"publish","type":"post","link":"https:\/\/hospitaldechillan.cl\/web\/hospital-conmemoro-dia-de-la-prevencion-de-los-accidentes-laborales\/","title":{"rendered":"Hospital conmemor\u00f3 D\u00eda de la Prevenci\u00f3n de los accidentes laborales"},"content":{"rendered":"<p>Con el prop\u00f3sito de resaltar la importancia que tiene el autocuidado y la seguridad laboral, se conmemor\u00f3 por primera vez en el Hospital Cl\u00ednico Herminda Mart\u00edn, el d\u00eda de la prevenci\u00f3n de accidentes en el lugar de trabajo. En la ocasi\u00f3n, se realizaron numerosas actividades como charlas de capacitaci\u00f3n, m\u00f3dulos de perfeccionamiento y entrega de premios a los ganadores de un concurso de pintura destinado a los hijos de funcionarios.<\/p>\n<p>Durante la inauguraci\u00f3n de la jornada, el Director del Hospital, Dr. Rodrigo Avenda\u00f1o Brandeis, resalt\u00f3 la implicancia del tema pues \u201ces muy relevante que tengamos presentes la prevenci\u00f3n de los accidentes y la seguridad laboral, ya que debemos ser un Hospital l\u00edder en desarrollo, innovaci\u00f3n y tambi\u00e9n en lo que se refiere a reducir las tasas de accidentabilidad dentro del Establecimiento\u201d. <\/p>\n<p><a href=\"https:\/\/hospitaldechillan.cl\/web\/wp-content_Hos\/uploads\/2015\/10\/web-2.jpg\"><img loading=\"lazy\" decoding=\"async\" src=\"https:\/\/hospitaldechillan.cl\/web\/wp-content_Hos\/uploads\/2015\/10\/web-2-640x360.jpg\" alt=\"web 2\" width=\"640\" height=\"360\" class=\"alignnone size-medium wp-image-1514\" srcset=\"https:\/\/hospitaldechillan.cl\/web\/wp-content\/uploads\/2015\/10\/web-2-640x360.jpg 640w, https:\/\/hospitaldechillan.cl\/web\/wp-content\/uploads\/2015\/10\/web-2-1200x675.jpg 1200w, https:\/\/hospitaldechillan.cl\/web\/wp-content\/uploads\/2015\/10\/web-2.jpg 1600w\" sizes=\"auto, (max-width: 640px) 100vw, 640px\" \/><\/a><\/p>\n<p>Adem\u00e1s se realiz\u00f3 en ese lugar un corte de cinta simb\u00f3lico y un taller pr\u00e1ctico sobre el manejo adecuado de extintores para apagar peque\u00f1os focos de fuego que se pueden generar.<br \/>\nRespecto de las actividades desarrolladas, Henry Jara Oliva, jefe de la Secci\u00f3n de Higiene y Seguridad Laboral de nuestro Hospital coment\u00f3 que \u201cnuestra intenci\u00f3n es resaltar la cultura de la prevenci\u00f3n, lo que sirve para disminuir considerablemente la tasa de accidentes, cantidad de d\u00edas con licencias m\u00e9dicas y muertes dentro del trabajo, por eso es que pensando en los funcionarios quisimos realizar actividades pr\u00e1cticas para repasar conocimiento y tambi\u00e9n otras con informaci\u00f3n para estar mejor preparados\u201d. <\/p>\n<p>En la actividad tambi\u00e9n se realizaron charlas sobre la movilizaci\u00f3n de pacientes, adem\u00e1s de la presencia de un mimo que recorri\u00f3 las dependencias ense\u00f1ando cuidados b\u00e1sicos. <\/p>\n","protected":false},"excerpt":{"rendered":"<p>La actividad tuvo como objetivo fomentar una cultura de seguridad en el trabajo y autocuidado personal para evitar accidentes. <\/p>\n","protected":false},"author":3,"featured_media":1513,"comment_status":"open","ping_status":"closed","sticky":false,"template":"","format":"standard","meta":{"_acf_changed":false,"_monsterinsights_skip_tracking":false,"_monsterinsights_sitenote_active":false,"_monsterinsights_sitenote_note":"","_monsterinsights_sitenote_category":0,"footnotes":""},"categories":[4],"tags":[],"class_list":["post-1512","post","type-post","status-publish","format-standard","has-post-thumbnail","hentry","category-noticias"],"acf":[],"publishpress_future_action":{"enabled":false,"date":"2026-05-05 08:50:25","action":"change-status","newStatus":"draft","terms":[],"taxonomy":"category","extraData":[]},"publishpress_future_workflow_manual_trigger":{"enabledWorkflows":[]},"_links":{"self":[{"href":"https:\/\/hospitaldechillan.cl\/web\/wp-json\/wp\/v2\/posts\/1512","targetHints":{"allow":["GET"]}}],"collection":[{"href":"https:\/\/hospitaldechillan.cl\/web\/wp-json\/wp\/v2\/posts"}],"about":[{"href":"https:\/\/hospitaldechillan.cl\/web\/wp-json\/wp\/v2\/types\/post"}],"author":[{"embeddable":true,"href":"https:\/\/hospitaldechillan.cl\/web\/wp-json\/wp\/v2\/users\/3"}],"replies":[{"embeddable":true,"href":"https:\/\/hospitaldechillan.cl\/web\/wp-json\/wp\/v2\/comments?post=1512"}],"version-history":[{"count":0,"href":"https:\/\/hospitaldechillan.cl\/web\/wp-json\/wp\/v2\/posts\/1512\/revisions"}],"wp:featuredmedia":[{"embeddable":true,"href":"https:\/\/hospitaldechillan.cl\/web\/wp-json\/wp\/v2\/media\/1513"}],"wp:attachment":[{"href":"https:\/\/hospitaldechillan.cl\/web\/wp-json\/wp\/v2\/media?parent=1512"}],"wp:term":[{"taxonomy":"category","embeddable":true,"href":"https:\/\/hospitaldechillan.cl\/web\/wp-json\/wp\/v2\/categories?post=1512"},{"taxonomy":"post_tag","embeddable":true,"href":"https:\/\/hospitaldechillan.cl\/web\/wp-json\/wp\/v2\/tags?post=1512"}],"curies":[{"name":"wp","href":"https:\/\/api.w.org\/{rel}","templated":true}]}}