{"id":1504,"date":"2015-10-29T15:56:36","date_gmt":"2015-10-29T19:56:36","guid":{"rendered":"http:\/\/hospitaldechillan.cl\/web\/?p=1504"},"modified":"2015-10-29T15:59:55","modified_gmt":"2015-10-29T19:59:55","slug":"subdirectora-del-hospital-dicto-charla-de-salud-publica-y-gestion-de-los-cuidados-a-estudiantes-de-enfermeria","status":"publish","type":"post","link":"https:\/\/hospitaldechillan.cl\/web\/subdirectora-del-hospital-dicto-charla-de-salud-publica-y-gestion-de-los-cuidados-a-estudiantes-de-enfermeria\/","title":{"rendered":"Subdirectora del Hospital dict\u00f3 charla de salud p\u00fablica y gesti\u00f3n de los cuidados a estudiantes de enfermer\u00eda"},"content":{"rendered":"<p>Una did\u00e1ctica e ilustrada presentaci\u00f3n realiz\u00f3 la Subdirectora de la Gesti\u00f3n de los Cuidados de Enfermer\u00eda de nuestro Hospital, Magali Palma Brevis, quien dict\u00f3 una charla en la Universidad de Concepci\u00f3n (UdeC) sede Chill\u00e1n, ocasi\u00f3n en la que analiz\u00f3 tem\u00e1ticas de salud p\u00fablica y la gesti\u00f3n de los cuidados en nuestro establecimiento.<\/p>\n<p>La actividad, que fue organizada en conjunto con la secci\u00f3n de estudios generales de la casa de estudios, convoc\u00f3 a aproximadamente 200 alumnos de la carrera de enfermer\u00eda con el objetivo de apoyar su formaci\u00f3n acad\u00e9mica entregando nociones del trabajo en instituciones p\u00fablicas, en espec\u00edfico el funcionamiento y organizaci\u00f3n del principal centro de Salud de \u00d1uble.<\/p>\n<p><a href=\"https:\/\/hospitaldechillan.cl\/web\/wp-content_Hos\/uploads\/2015\/10\/2-Custom.jpg\"><img loading=\"lazy\" decoding=\"async\" class=\"alignnone size-medium wp-image-1509\" src=\"https:\/\/hospitaldechillan.cl\/web\/wp-content_Hos\/uploads\/2015\/10\/2-Custom-640x443.jpg\" alt=\"2 (Custom)\" width=\"640\" height=\"443\" srcset=\"https:\/\/hospitaldechillan.cl\/web\/wp-content\/uploads\/2015\/10\/2-Custom-640x443.jpg 640w, https:\/\/hospitaldechillan.cl\/web\/wp-content\/uploads\/2015\/10\/2-Custom-1200x830.jpg 1200w, https:\/\/hospitaldechillan.cl\/web\/wp-content\/uploads\/2015\/10\/2-Custom.jpg 1301w\" sizes=\"auto, (max-width: 640px) 100vw, 640px\" \/><\/a><\/p>\n<p>Tal como expres\u00f3 la subdirectora, Magali Palma \u201cestas son instancias muy gratas que nos permitan vincularnos con la comunidad y en este caso, con futuros profesionales que se desempe\u00f1ar\u00e1n en el \u00e1rea de salud, por eso es importante que vayan conociendo todo el quehacer hospitalario, logros e innovaciones de un recinto asistencial como el nuestro sobre todo lo innovador que fue con la instauraci\u00f3n de la gesti\u00f3n de los cuidados de enfermer\u00eda en el pa\u00eds\u201d.<\/p>\n<p>Por su parte, Karina Bustamante V\u00e1squez, jefa de carrera enfermer\u00eda de la UdeC, reafirm\u00f3 lo relevante de estas actividades pues \u201clos estudiantes tienen que relacionase con los lugares donde despu\u00e9s ejercer\u00e1n su profesi\u00f3n ya que esto es parte de una formaci\u00f3n transversal que permite conocer c\u00f3mo se trabaja hoy en d\u00eda, en las diferentes \u00e1reas y cosas que se hacen en los establecimientos de salud\u201d.<\/p>\n","protected":false},"excerpt":{"rendered":"<p>La actividad acad\u00e9mica se enmarca en la funci\u00f3n asistencial docente que constantemente realiza el Hospital Cl\u00ednico Herminda Mart\u00edn.<\/p>\n","protected":false},"author":3,"featured_media":1507,"comment_status":"open","ping_status":"closed","sticky":false,"template":"","format":"standard","meta":{"_acf_changed":false,"_monsterinsights_skip_tracking":false,"_monsterinsights_sitenote_active":false,"_monsterinsights_sitenote_note":"","_monsterinsights_sitenote_category":0,"footnotes":""},"categories":[4],"tags":[],"class_list":["post-1504","post","type-post","status-publish","format-standard","has-post-thumbnail","hentry","category-noticias"],"acf":[],"publishpress_future_action":{"enabled":false,"date":"2026-05-05 08:48:51","action":"change-status","newStatus":"draft","terms":[],"taxonomy":"category","extraData":[]},"publishpress_future_workflow_manual_trigger":{"enabledWorkflows":[]},"_links":{"self":[{"href":"https:\/\/hospitaldechillan.cl\/web\/wp-json\/wp\/v2\/posts\/1504","targetHints":{"allow":["GET"]}}],"collection":[{"href":"https:\/\/hospitaldechillan.cl\/web\/wp-json\/wp\/v2\/posts"}],"about":[{"href":"https:\/\/hospitaldechillan.cl\/web\/wp-json\/wp\/v2\/types\/post"}],"author":[{"embeddable":true,"href":"https:\/\/hospitaldechillan.cl\/web\/wp-json\/wp\/v2\/users\/3"}],"replies":[{"embeddable":true,"href":"https:\/\/hospitaldechillan.cl\/web\/wp-json\/wp\/v2\/comments?post=1504"}],"version-history":[{"count":0,"href":"https:\/\/hospitaldechillan.cl\/web\/wp-json\/wp\/v2\/posts\/1504\/revisions"}],"wp:featuredmedia":[{"embeddable":true,"href":"https:\/\/hospitaldechillan.cl\/web\/wp-json\/wp\/v2\/media\/1507"}],"wp:attachment":[{"href":"https:\/\/hospitaldechillan.cl\/web\/wp-json\/wp\/v2\/media?parent=1504"}],"wp:term":[{"taxonomy":"category","embeddable":true,"href":"https:\/\/hospitaldechillan.cl\/web\/wp-json\/wp\/v2\/categories?post=1504"},{"taxonomy":"post_tag","embeddable":true,"href":"https:\/\/hospitaldechillan.cl\/web\/wp-json\/wp\/v2\/tags?post=1504"}],"curies":[{"name":"wp","href":"https:\/\/api.w.org\/{rel}","templated":true}]}}